{"id":224029,"date":"2025-01-02T23:05:40","date_gmt":"2025-01-02T22:05:40","guid":{"rendered":"https:\/\/www.messinaoggi.it\/website\/2025\/01\/02\/vertice-di-governo-per-cecilia-sala-impegno-per-la-liberazione-immediata\/"},"modified":"2025-01-02T23:05:40","modified_gmt":"2025-01-02T22:05:40","slug":"vertice-di-governo-per-cecilia-sala-impegno-per-la-liberazione-immediata","status":"publish","type":"post","link":"https:\/\/www.messinaoggi.it\/website\/2025\/01\/02\/vertice-di-governo-per-cecilia-sala-impegno-per-la-liberazione-immediata\/","title":{"rendered":"Vertice di governo per Cecilia Sala, impegno per la liberazione immediata"},"content":{"rendered":"<div>ROMA (ITALPRESS) &#8211; Si \u00e8 tenuta questo pomeriggio a Palazzo Chigi una riunione convocata dal Presidente del Consiglio, Giorgia Meloni, in relazione al trattenimento in Iran della giornalista italiana Cecilia Sala. Alla riunione hanno preso parte il Ministro degli Esteri, Antonio Tajani, il Ministro della Giustizia, Carlo Nordio, il Sottosegretario alla Presidenza del Consiglio, Alfredo Mantovano, e il Consigliere diplomatico del Presidente, Fabrizio Saggio. E&#8217; quanto riferisce una nota di Palazzo Chigi.<br \/>All&#8217;esito dell&#8217;incontro, il Governo conferma l&#8217;impegno presso le autorit\u00e0 iraniane per l&#8217;immediata liberazione di Cecilia Sala, e, in attesa di essa, per un trattamento rispettoso della dignit\u00e0 umana.<br \/>Per quanto riguarda Mohammad Abedini, che \u00e8 al momento in stato di detenzione cautelare su richiesta delle autorit\u00e0 degli Stati Uniti, il Governo ribadisce che a tutti i detenuti \u00e8 garantita parit\u00e0 di trattamento nel rispetto delle leggi italiane e delle convenzioni internazionali.<br \/>Il Sottosegretario Mantovano, in veste di Autorit\u00e0 delegata, venendo incontro alle richieste delle opposizioni, ha dato immediata disponibilit\u00e0 al Presidente del Comitato parlamentare per la sicurezza della Repubblica, Lorenzo Guerini, a riferire al COPASIR gi\u00e0 domani mattina, e quindi per suo tramite al Parlamento.<br \/>Nel corso del pomeriggio, inoltre, il Presidente Meloni ha avuto un colloquio telefonico con Renato Sala, padre di Cecilia, e ha incontrato a Palazzo Chigi la madre, Elisabetta Vernoni.<br \/>-foto Ipa Agency &#8211;<br \/>(ITALPRESS).<\/div>\n<div id=\"div-gpt-ad-Messinaoggi.it-DSK-300x250-corpoart\" style=\"text-align:center;margin:0 auto;\"><\/div><\/p><div id=\"videoincontent\" style=\"clear:both\";><\/div>","protected":false},"excerpt":{"rendered":"<p>ROMA (ITALPRESS) &#8211; Si \u00e8 tenuta questo pomeriggio a Palazzo Chigi una riunione convocata dal Presidente del Consiglio, Giorgia Meloni, in relazione al trattenimento in Iran della giornalista italiana Cecilia Sala. Alla riunione hanno preso parte il Ministro degli Esteri, Antonio Tajani, il Ministro della Giustizia, Carlo Nordio, il Sottosegretario alla Presidenza del Consiglio, Alfredo [&hellip;]<\/p>\n","protected":false},"author":18,"featured_media":224030,"comment_status":"closed","ping_status":"closed","sticky":false,"template":"","format":"standard","meta":{"ub_ctt_via":"","_mi_skip_tracking":false},"categories":[446],"tags":[783],"featured_image_src":"https:\/\/www.messinaoggi.it\/website\/wp-content\/uploads\/2025\/01\/20250102_1570.jpg","author_info":{"display_name":"Admin","author_link":"https:\/\/www.messinaoggi.it\/website\/author\/admin\/"},"digistream_id":0,"digistream":false,"_links":{"self":[{"href":"https:\/\/www.messinaoggi.it\/website\/wp-json\/wp\/v2\/posts\/224029"}],"collection":[{"href":"https:\/\/www.messinaoggi.it\/website\/wp-json\/wp\/v2\/posts"}],"about":[{"href":"https:\/\/www.messinaoggi.it\/website\/wp-json\/wp\/v2\/types\/post"}],"author":[{"embeddable":true,"href":"https:\/\/www.messinaoggi.it\/website\/wp-json\/wp\/v2\/users\/18"}],"replies":[{"embeddable":true,"href":"https:\/\/www.messinaoggi.it\/website\/wp-json\/wp\/v2\/comments?post=224029"}],"version-history":[{"count":0,"href":"https:\/\/www.messinaoggi.it\/website\/wp-json\/wp\/v2\/posts\/224029\/revisions"}],"wp:featuredmedia":[{"embeddable":true,"href":"https:\/\/www.messinaoggi.it\/website\/wp-json\/wp\/v2\/media\/224030"}],"wp:attachment":[{"href":"https:\/\/www.messinaoggi.it\/website\/wp-json\/wp\/v2\/media?parent=224029"}],"wp:term":[{"taxonomy":"category","embeddable":true,"href":"https:\/\/www.messinaoggi.it\/website\/wp-json\/wp\/v2\/categories?post=224029"},{"taxonomy":"post_tag","embeddable":true,"href":"https:\/\/www.messinaoggi.it\/website\/wp-json\/wp\/v2\/tags?post=224029"}],"curies":[{"name":"wp","href":"https:\/\/api.w.org\/{rel}","templated":true}]}}