{"id":223985,"date":"2025-01-02T13:05:42","date_gmt":"2025-01-02T12:05:42","guid":{"rendered":"https:\/\/www.messinaoggi.it\/website\/2025\/01\/02\/addio-ad-aldo-agroppi-aveva-80-anni\/"},"modified":"2025-01-02T13:05:42","modified_gmt":"2025-01-02T12:05:42","slug":"addio-ad-aldo-agroppi-aveva-80-anni","status":"publish","type":"post","link":"https:\/\/www.messinaoggi.it\/website\/2025\/01\/02\/addio-ad-aldo-agroppi-aveva-80-anni\/","title":{"rendered":"Addio ad Aldo Agroppi, aveva 80 anni"},"content":{"rendered":"<div>PIOMBINO (ITALPRESS) &#8211; Lutto nel mondo del calcio: si \u00e8 spento a 80 anni Aldo Agroppi, ex giocatore di Torino e Perugia e poi allenatore, fra le altre, della stessa squadra umbra e della Fiorentina. Era ricoverato in ospedale a Piombino, sua citt\u00e0 natale, da qualche giorno e il decesso \u00e8 avvenuto nelle prime ore di oggi. La salma sar\u00e0 portata nelle prossime ore alla sala del commiato della Pubblica assistenza di Piombino.<br \/>Centrocampista classe 1944, a inizio anni Sessanta Agroppi entra nel vivaio dei granata per poi far parte in pianta stabile della prima squadra dal 1967, dopo alcune esperienze in prestito: oltre 200 presenze fino al 1975 e due Coppe Italia nel palmares. Vive gli ultimi anni di carriera al Perugia, dove inizia a muovere anche i primi passi da allenatore. Guider\u00e0 anche Pescara, Pisa (che porta in serie A), Padova, ancora Perugia e, nella stagione 1985-86, la Fiorentina nel massimo campionato, esperienza per\u00f2 segnata da un&#8217;aggressione da parte degli ultras viola. Coinvolto nell&#8217;inchiesta Toto nero-bis che gli coster\u00e0 una squalifica di 4 mesi, allener\u00e0 poi senza successo Como e Ascoli, prima del ritorno a Firenze nel 1993: sar\u00e0 la sua ultima esperienza da allenatore, conclusa con l&#8217;esonero a poche giornate dalla fine e che non riuscir\u00e0 a evitare ai viola la retrocessione in B.<br \/>&#8211; foto Ipa Agency &#8211;<br \/>(ITALPRESS).<\/div>\n<div id=\"div-gpt-ad-Messinaoggi.it-DSK-300x250-corpoart\" style=\"text-align:center;margin:0 auto;\"><\/div><\/p><div id=\"videoincontent\" style=\"clear:both\";><\/div>","protected":false},"excerpt":{"rendered":"<p>PIOMBINO (ITALPRESS) &#8211; Lutto nel mondo del calcio: si \u00e8 spento a 80 anni Aldo Agroppi, ex giocatore di Torino e Perugia e poi allenatore, fra le altre, della stessa squadra umbra e della Fiorentina. Era ricoverato in ospedale a Piombino, sua citt\u00e0 natale, da qualche giorno e il decesso \u00e8 avvenuto nelle prime ore [&hellip;]<\/p>\n","protected":false},"author":18,"featured_media":223986,"comment_status":"closed","ping_status":"closed","sticky":false,"template":"","format":"standard","meta":{"ub_ctt_via":"","_mi_skip_tracking":false},"categories":[446],"tags":[783],"featured_image_src":"https:\/\/www.messinaoggi.it\/website\/wp-content\/uploads\/2025\/01\/20250102_0265.jpg","author_info":{"display_name":"Admin","author_link":"https:\/\/www.messinaoggi.it\/website\/author\/admin\/"},"digistream_id":0,"digistream":false,"_links":{"self":[{"href":"https:\/\/www.messinaoggi.it\/website\/wp-json\/wp\/v2\/posts\/223985"}],"collection":[{"href":"https:\/\/www.messinaoggi.it\/website\/wp-json\/wp\/v2\/posts"}],"about":[{"href":"https:\/\/www.messinaoggi.it\/website\/wp-json\/wp\/v2\/types\/post"}],"author":[{"embeddable":true,"href":"https:\/\/www.messinaoggi.it\/website\/wp-json\/wp\/v2\/users\/18"}],"replies":[{"embeddable":true,"href":"https:\/\/www.messinaoggi.it\/website\/wp-json\/wp\/v2\/comments?post=223985"}],"version-history":[{"count":0,"href":"https:\/\/www.messinaoggi.it\/website\/wp-json\/wp\/v2\/posts\/223985\/revisions"}],"wp:featuredmedia":[{"embeddable":true,"href":"https:\/\/www.messinaoggi.it\/website\/wp-json\/wp\/v2\/media\/223986"}],"wp:attachment":[{"href":"https:\/\/www.messinaoggi.it\/website\/wp-json\/wp\/v2\/media?parent=223985"}],"wp:term":[{"taxonomy":"category","embeddable":true,"href":"https:\/\/www.messinaoggi.it\/website\/wp-json\/wp\/v2\/categories?post=223985"},{"taxonomy":"post_tag","embeddable":true,"href":"https:\/\/www.messinaoggi.it\/website\/wp-json\/wp\/v2\/tags?post=223985"}],"curies":[{"name":"wp","href":"https:\/\/api.w.org\/{rel}","templated":true}]}}