{"id":223945,"date":"2025-01-01T22:05:42","date_gmt":"2025-01-01T21:05:42","guid":{"rendered":"https:\/\/www.messinaoggi.it\/website\/2025\/01\/01\/salvini-per-la-lega-si-e-chiuso-un-2024-complicato-ma-di-crescita\/"},"modified":"2025-01-01T22:05:42","modified_gmt":"2025-01-01T21:05:42","slug":"salvini-per-la-lega-si-e-chiuso-un-2024-complicato-ma-di-crescita","status":"publish","type":"post","link":"https:\/\/www.messinaoggi.it\/website\/2025\/01\/01\/salvini-per-la-lega-si-e-chiuso-un-2024-complicato-ma-di-crescita\/","title":{"rendered":"Salvini \u201cPer la Lega si \u00e8 chiuso un 2024 complicato ma di crescita\u201d"},"content":{"rendered":"<div>ROMA (ITALPRESS) &#8211; &#8220;Per la Lega si \u00e8 chiuso un 2024 complicato ma alla fine bello, di crescita, serenit\u00e0 e compattezza, con gli iscritti che crescono dal Veneto alla Sicilia, con il numero di sindaci e amministratori che cresce dalla Lombardia al Lazio&#8221;. Cos\u00ec il vicepremier e segretario della Lega, Matteo Salvini, in una diretta video sui social.<br \/>&#8220;Solo in Sicilia &#8211; aggiunge -, ho fatto una call poco fa, siamo a pi\u00f9 di 400 amministratori locali, e come Lega quasi 500 sindaci in Italia, pi\u00f9 di 200 in Lombardia, pi\u00f9 di 100 in Veneto, quindi bene. La Lega &#8211; sottolinea Salvini &#8211; \u00e8 un modo di vivere, di essere, di pensare, non \u00e8 solo un partito. Sicuramente con tanti avversari, con qualche nemico, soprattutto nelle stanze che contano. Abbiamo contro quasi tutti i giornali e le televisioni, buona parte dei sindacati, alcuni magistrati, e parecchi di quelli con i quattrini, in Italia e nel mondo, penso a Soros, che vorrebbero cancellare la Lega dalla faccia della Terra. Ma andiamo avanti in direzione ostinata e contraria, come cantava il buon De Andr\u00e8, con i risultati al centro: lavoro, stipendi, pensioni, scuola e sanit\u00e0 le priorit\u00e0, e poi per quello che mi riguarda, infrastrutture&#8221;.<br \/>&#8211; foto Ipa &#8211; <br \/>(ITALPRESS).<\/div>\n<div id=\"div-gpt-ad-Messinaoggi.it-DSK-300x250-corpoart\" style=\"text-align:center;margin:0 auto;\"><\/div><\/p><div id=\"videoincontent\" style=\"clear:both\";><\/div>","protected":false},"excerpt":{"rendered":"<p>ROMA (ITALPRESS) &#8211; &#8220;Per la Lega si \u00e8 chiuso un 2024 complicato ma alla fine bello, di crescita, serenit\u00e0 e compattezza, con gli iscritti che crescono dal Veneto alla Sicilia, con il numero di sindaci e amministratori che cresce dalla Lombardia al Lazio&#8221;. Cos\u00ec il vicepremier e segretario della Lega, Matteo Salvini, in una diretta [&hellip;]<\/p>\n","protected":false},"author":18,"featured_media":223946,"comment_status":"closed","ping_status":"closed","sticky":false,"template":"","format":"standard","meta":{"ub_ctt_via":"","_mi_skip_tracking":false},"categories":[446],"tags":[783],"featured_image_src":"https:\/\/www.messinaoggi.it\/website\/wp-content\/uploads\/2025\/01\/20250101_0923.jpg","author_info":{"display_name":"Admin","author_link":"https:\/\/www.messinaoggi.it\/website\/author\/admin\/"},"digistream_id":0,"digistream":false,"_links":{"self":[{"href":"https:\/\/www.messinaoggi.it\/website\/wp-json\/wp\/v2\/posts\/223945"}],"collection":[{"href":"https:\/\/www.messinaoggi.it\/website\/wp-json\/wp\/v2\/posts"}],"about":[{"href":"https:\/\/www.messinaoggi.it\/website\/wp-json\/wp\/v2\/types\/post"}],"author":[{"embeddable":true,"href":"https:\/\/www.messinaoggi.it\/website\/wp-json\/wp\/v2\/users\/18"}],"replies":[{"embeddable":true,"href":"https:\/\/www.messinaoggi.it\/website\/wp-json\/wp\/v2\/comments?post=223945"}],"version-history":[{"count":0,"href":"https:\/\/www.messinaoggi.it\/website\/wp-json\/wp\/v2\/posts\/223945\/revisions"}],"wp:featuredmedia":[{"embeddable":true,"href":"https:\/\/www.messinaoggi.it\/website\/wp-json\/wp\/v2\/media\/223946"}],"wp:attachment":[{"href":"https:\/\/www.messinaoggi.it\/website\/wp-json\/wp\/v2\/media?parent=223945"}],"wp:term":[{"taxonomy":"category","embeddable":true,"href":"https:\/\/www.messinaoggi.it\/website\/wp-json\/wp\/v2\/categories?post=223945"},{"taxonomy":"post_tag","embeddable":true,"href":"https:\/\/www.messinaoggi.it\/website\/wp-json\/wp\/v2\/tags?post=223945"}],"curies":[{"name":"wp","href":"https:\/\/api.w.org\/{rel}","templated":true}]}}