{"id":223847,"date":"2024-12-30T19:05:41","date_gmt":"2024-12-30T18:05:41","guid":{"rendered":"https:\/\/www.messinaoggi.it\/website\/2024\/12\/30\/pnrr-meloni-2025-anno-fondamentale-per-la-fase-2\/"},"modified":"2024-12-30T19:05:41","modified_gmt":"2024-12-30T18:05:41","slug":"pnrr-meloni-2025-anno-fondamentale-per-la-fase-2","status":"publish","type":"post","link":"https:\/\/www.messinaoggi.it\/website\/2024\/12\/30\/pnrr-meloni-2025-anno-fondamentale-per-la-fase-2\/","title":{"rendered":"Pnrr, Meloni \u201c2025 anno fondamentale per la fase 2\u201d"},"content":{"rendered":"<div>ROMA (ITALPRESS) &#8211; &#8220;L&#8217;Italia \u00e8 la prima Nazione europea a presentare formale richiesta per il pagamento della settima rata del PNRR. E&#8217; un primato che ci consentir\u00e0 presto di superare quota 140 miliardi di euro, oltre il 72% della dotazione complessiva del Piano. Il 2025 sar\u00e0 un anno fondamentale per la fase 2 del PNRR, cio\u00e8 la messa a terra degli investimenti. E&#8217; una fase cruciale, che non ammette ritardi e che vede il Governo e tutte le Amministrazioni coinvolte in prima linea per raggiungere l&#8217;obiettivo&#8221;. Lo afferma in una nota il presidente del Consiglio Giorgia Meloni.<div id=\"div-gpt-ad-Messinaoggi.it-DSK-300x250-corpoart\" style=\"text-align:center;margin:0 auto;\"><\/div><\/p>\n<p>&#8211; Foto Agenzia Fotogramma &#8211;<div id=\"videoincontent\" style=\"clear:both\";><\/div><\/p>\n<p>(ITALPRESS).<\/p><\/div>\n","protected":false},"excerpt":{"rendered":"<p>ROMA (ITALPRESS) &#8211; &#8220;L&#8217;Italia \u00e8 la prima Nazione europea a presentare formale richiesta per il pagamento della settima rata del PNRR. E&#8217; un primato che ci consentir\u00e0 presto di superare quota 140 miliardi di euro, oltre il 72% della dotazione complessiva del Piano. Il 2025 sar\u00e0 un anno fondamentale per la fase 2 del PNRR, [&hellip;]<\/p>\n","protected":false},"author":18,"featured_media":223848,"comment_status":"closed","ping_status":"closed","sticky":false,"template":"","format":"standard","meta":{"ub_ctt_via":"","_mi_skip_tracking":false},"categories":[446],"tags":[783],"featured_image_src":"https:\/\/www.messinaoggi.it\/website\/wp-content\/uploads\/2024\/12\/20241230_1526.jpg","author_info":{"display_name":"Admin","author_link":"https:\/\/www.messinaoggi.it\/website\/author\/admin\/"},"digistream_id":0,"digistream":false,"_links":{"self":[{"href":"https:\/\/www.messinaoggi.it\/website\/wp-json\/wp\/v2\/posts\/223847"}],"collection":[{"href":"https:\/\/www.messinaoggi.it\/website\/wp-json\/wp\/v2\/posts"}],"about":[{"href":"https:\/\/www.messinaoggi.it\/website\/wp-json\/wp\/v2\/types\/post"}],"author":[{"embeddable":true,"href":"https:\/\/www.messinaoggi.it\/website\/wp-json\/wp\/v2\/users\/18"}],"replies":[{"embeddable":true,"href":"https:\/\/www.messinaoggi.it\/website\/wp-json\/wp\/v2\/comments?post=223847"}],"version-history":[{"count":0,"href":"https:\/\/www.messinaoggi.it\/website\/wp-json\/wp\/v2\/posts\/223847\/revisions"}],"wp:featuredmedia":[{"embeddable":true,"href":"https:\/\/www.messinaoggi.it\/website\/wp-json\/wp\/v2\/media\/223848"}],"wp:attachment":[{"href":"https:\/\/www.messinaoggi.it\/website\/wp-json\/wp\/v2\/media?parent=223847"}],"wp:term":[{"taxonomy":"category","embeddable":true,"href":"https:\/\/www.messinaoggi.it\/website\/wp-json\/wp\/v2\/categories?post=223847"},{"taxonomy":"post_tag","embeddable":true,"href":"https:\/\/www.messinaoggi.it\/website\/wp-json\/wp\/v2\/tags?post=223847"}],"curies":[{"name":"wp","href":"https:\/\/api.w.org\/{rel}","templated":true}]}}