{"id":223817,"date":"2024-12-30T17:05:43","date_gmt":"2024-12-30T16:05:43","guid":{"rendered":"https:\/\/www.messinaoggi.it\/website\/2024\/12\/30\/ufficiale-conceicao-e-il-nuovo-allenatore-del-milan\/"},"modified":"2024-12-30T17:05:43","modified_gmt":"2024-12-30T16:05:43","slug":"ufficiale-conceicao-e-il-nuovo-allenatore-del-milan","status":"publish","type":"post","link":"https:\/\/www.messinaoggi.it\/website\/2024\/12\/30\/ufficiale-conceicao-e-il-nuovo-allenatore-del-milan\/","title":{"rendered":"Ufficiale, Conceicao \u00e8 il nuovo allenatore del Milan"},"content":{"rendered":"<div>MILANO (ITALPRESS) &#8211; Sergio Conceicao \u00e8 il nuovo allenatore del Milan. Lo ha annunciato il club rossonero in una nota. L&#8217;allenatore portoghese ex Porto, che prende il posto dell&#8217;esonerato Paulo Fonseca, ha firmato un contratto di un anno e mezzo, fino al 30 giugno 2026. &#8220;Il Milan rivolge un caloroso benvenuto a Sergio e al suo staff, augurando un&#8217;esperienza ricca di successi e soddisfazioni&#8221;, aggiunge la societ\u00e0 lombarda nel comunicato. L&#8217;ex ala della Lazio, classe 1974, debutter\u00e0 sulla panchina del Diavolo venerd\u00ec 3 gennaio a Riad, nella semifinale di Supercoppa Italiana contro la Juventus, squadra in cui milita il figlio Francisco, di propriet\u00e0 del Porto. In campionato, Conceicao avr\u00e0 il compito di tirar su il morale di un Milan che, reduce ieri dal pareggio a San Siro con la Roma, occupa l&#8217;ottava posizione in classifica con 27 punti raccolti in 17 gare disputate.<br \/>&#8211; Foto Ipa Agency &#8211;<br \/>(ITALPRESS).<\/div>\n<div id=\"div-gpt-ad-Messinaoggi.it-DSK-300x250-corpoart\" style=\"text-align:center;margin:0 auto;\"><\/div><\/p><div id=\"videoincontent\" style=\"clear:both\";><\/div>","protected":false},"excerpt":{"rendered":"<p>MILANO (ITALPRESS) &#8211; Sergio Conceicao \u00e8 il nuovo allenatore del Milan. Lo ha annunciato il club rossonero in una nota. L&#8217;allenatore portoghese ex Porto, che prende il posto dell&#8217;esonerato Paulo Fonseca, ha firmato un contratto di un anno e mezzo, fino al 30 giugno 2026. &#8220;Il Milan rivolge un caloroso benvenuto a Sergio e al [&hellip;]<\/p>\n","protected":false},"author":18,"featured_media":223818,"comment_status":"closed","ping_status":"closed","sticky":false,"template":"","format":"standard","meta":{"ub_ctt_via":"","_mi_skip_tracking":false},"categories":[446],"tags":[783],"featured_image_src":"https:\/\/www.messinaoggi.it\/website\/wp-content\/uploads\/2024\/12\/20241230_0963.jpg","author_info":{"display_name":"Admin","author_link":"https:\/\/www.messinaoggi.it\/website\/author\/admin\/"},"digistream_id":0,"digistream":false,"_links":{"self":[{"href":"https:\/\/www.messinaoggi.it\/website\/wp-json\/wp\/v2\/posts\/223817"}],"collection":[{"href":"https:\/\/www.messinaoggi.it\/website\/wp-json\/wp\/v2\/posts"}],"about":[{"href":"https:\/\/www.messinaoggi.it\/website\/wp-json\/wp\/v2\/types\/post"}],"author":[{"embeddable":true,"href":"https:\/\/www.messinaoggi.it\/website\/wp-json\/wp\/v2\/users\/18"}],"replies":[{"embeddable":true,"href":"https:\/\/www.messinaoggi.it\/website\/wp-json\/wp\/v2\/comments?post=223817"}],"version-history":[{"count":0,"href":"https:\/\/www.messinaoggi.it\/website\/wp-json\/wp\/v2\/posts\/223817\/revisions"}],"wp:featuredmedia":[{"embeddable":true,"href":"https:\/\/www.messinaoggi.it\/website\/wp-json\/wp\/v2\/media\/223818"}],"wp:attachment":[{"href":"https:\/\/www.messinaoggi.it\/website\/wp-json\/wp\/v2\/media?parent=223817"}],"wp:term":[{"taxonomy":"category","embeddable":true,"href":"https:\/\/www.messinaoggi.it\/website\/wp-json\/wp\/v2\/categories?post=223817"},{"taxonomy":"post_tag","embeddable":true,"href":"https:\/\/www.messinaoggi.it\/website\/wp-json\/wp\/v2\/tags?post=223817"}],"curies":[{"name":"wp","href":"https:\/\/api.w.org\/{rel}","templated":true}]}}