{"id":223815,"date":"2024-12-30T17:05:41","date_gmt":"2024-12-30T16:05:41","guid":{"rendered":"https:\/\/www.messinaoggi.it\/website\/2024\/12\/30\/conte-ridurre-lorario-di-lavoro-a-32-ore-settimanali\/"},"modified":"2024-12-30T17:05:41","modified_gmt":"2024-12-30T16:05:41","slug":"conte-ridurre-lorario-di-lavoro-a-32-ore-settimanali","status":"publish","type":"post","link":"https:\/\/www.messinaoggi.it\/website\/2024\/12\/30\/conte-ridurre-lorario-di-lavoro-a-32-ore-settimanali\/","title":{"rendered":"Conte \u201cRidurre l\u2019orario di lavoro a 32 ore settimanali\u201d"},"content":{"rendered":"<div>ROMA (ITALPRESS) &#8211; &#8220;Mentre in Italia la priorit\u00e0 della maggioranza Meloni \u00e8 migliorare la vita e i gi\u00e0 lauti stipendi dei ministri, in Spagna il Governo ha stretto un accordo con i sindacati per ridurre l&#8217;orario di lavoro a parit\u00e0 di stipendio. <br \/>Una misura giusta, che in altri Paesi ha gi\u00e0 prodotto ottimi risultati: le lavoratrici e i lavoratori hanno pi\u00f9 tempo da dedicare agli affetti personali e alla vita sociale. In questo modo si migliora anche la produttivit\u00e0 e si registrano importanti benefici per l&#8217;ambiente anche grazie al risparmio energetico&#8221;. Lo scrive su X il presidente del M5S Giuseppe Conte.<br \/>&#8220;In Italia, il Movimento 5 Stelle propone da tempo di fare lo stesso. A inizio legislatura abbiamo presentato un disegno di legge per ridurre l&#8217;orario di lavoro a 32 ore settimanali a parit\u00e0 di salario, premiando le aziende che avviano la sperimentazione &#8211; aggiunge -. La nostra battaglia non si ferma. Nel 2025 torneremo alla carica affinch\u00e8 questa soluzione possa essere sperimentata anche nel nostro Paese&#8221;.<div id=\"div-gpt-ad-Messinaoggi.it-DSK-300x250-corpoart\" style=\"text-align:center;margin:0 auto;\"><\/div><\/p>\n<p>&#8211; Foto Agenzia Fotogramma &#8211;<div id=\"videoincontent\" style=\"clear:both\";><\/div><\/p>\n<p>(ITALPRESS).<\/p><\/div>\n","protected":false},"excerpt":{"rendered":"<p>ROMA (ITALPRESS) &#8211; &#8220;Mentre in Italia la priorit\u00e0 della maggioranza Meloni \u00e8 migliorare la vita e i gi\u00e0 lauti stipendi dei ministri, in Spagna il Governo ha stretto un accordo con i sindacati per ridurre l&#8217;orario di lavoro a parit\u00e0 di stipendio. Una misura giusta, che in altri Paesi ha gi\u00e0 prodotto ottimi risultati: le [&hellip;]<\/p>\n","protected":false},"author":18,"featured_media":223816,"comment_status":"closed","ping_status":"closed","sticky":false,"template":"","format":"standard","meta":{"ub_ctt_via":"","_mi_skip_tracking":false},"categories":[446],"tags":[783],"featured_image_src":"https:\/\/www.messinaoggi.it\/website\/wp-content\/uploads\/2024\/12\/20241230_0931.jpg","author_info":{"display_name":"Admin","author_link":"https:\/\/www.messinaoggi.it\/website\/author\/admin\/"},"digistream_id":0,"digistream":false,"_links":{"self":[{"href":"https:\/\/www.messinaoggi.it\/website\/wp-json\/wp\/v2\/posts\/223815"}],"collection":[{"href":"https:\/\/www.messinaoggi.it\/website\/wp-json\/wp\/v2\/posts"}],"about":[{"href":"https:\/\/www.messinaoggi.it\/website\/wp-json\/wp\/v2\/types\/post"}],"author":[{"embeddable":true,"href":"https:\/\/www.messinaoggi.it\/website\/wp-json\/wp\/v2\/users\/18"}],"replies":[{"embeddable":true,"href":"https:\/\/www.messinaoggi.it\/website\/wp-json\/wp\/v2\/comments?post=223815"}],"version-history":[{"count":0,"href":"https:\/\/www.messinaoggi.it\/website\/wp-json\/wp\/v2\/posts\/223815\/revisions"}],"wp:featuredmedia":[{"embeddable":true,"href":"https:\/\/www.messinaoggi.it\/website\/wp-json\/wp\/v2\/media\/223816"}],"wp:attachment":[{"href":"https:\/\/www.messinaoggi.it\/website\/wp-json\/wp\/v2\/media?parent=223815"}],"wp:term":[{"taxonomy":"category","embeddable":true,"href":"https:\/\/www.messinaoggi.it\/website\/wp-json\/wp\/v2\/categories?post=223815"},{"taxonomy":"post_tag","embeddable":true,"href":"https:\/\/www.messinaoggi.it\/website\/wp-json\/wp\/v2\/tags?post=223815"}],"curies":[{"name":"wp","href":"https:\/\/api.w.org\/{rel}","templated":true}]}}