{"id":223743,"date":"2024-12-30T08:23:42","date_gmt":"2024-12-30T07:23:42","guid":{"rendered":"http:\/\/www.messinaoggi.it\/website\/?p=223743"},"modified":"2024-12-30T13:27:05","modified_gmt":"2024-12-30T12:27:05","slug":"leanza-bene-incentivi-ai-medici-delle-zon-disagiate","status":"publish","type":"post","link":"https:\/\/www.messinaoggi.it\/website\/2024\/12\/30\/leanza-bene-incentivi-ai-medici-delle-zon-disagiate\/","title":{"rendered":"Leanza: &#8220;Bene incentivi ai medici delle zon disagiate&#8221;"},"content":{"rendered":"\n<p>\u201cLa carenza di medici nelle aree montane e interne della nostra regione \u00e8 una delle sfide pi\u00f9 urgenti da affrontare per il nostro sistema sanitario regionale, e nella provincia di Messina nello specifico. Nella finanziaria regionale \u00e8 stato inserito un incentivo straordinario fino a 18.000 euro annui per il personale sanitario operante nelle aree montane ed interne, una misura  importante per  garantire il diritto alla salute nelle zone pi\u00f9 critiche.\u201d  <div id=\"div-gpt-ad-Messinaoggi.it-DSK-300x250-corpoart\" style=\"text-align:center;margin:0 auto;\"><\/div><\/p>\n\n\n\n<p>Cos\u00ec l\u2019onorevole Calogero Leanza, vicepresidente della Commissione Sanit\u00e0 all\u2019Assemblea Regionale Siciliana, annuncia l\u2019approvazione dell\u2019articolo 5 della finanziaria regionale.  <div id=\"videoincontent\" style=\"clear:both\";><\/div><\/p>\n\n\n\n<p>L\u2019incentivo, concepito per coprire prioritariamente spese di alloggio e trasporto, sar\u00e0 destinato sia ai medici gi\u00e0 in servizio nei presidi ospedalieri delle aree pi\u00f9 carenti sia ai nuovi assunti. L\u2019obiettivo \u00e8 duplice: potenziare gli organici e ridurre il ricorso all\u2019esternalizzazione delle funzioni. Con questa misura vogliamo rendere pi\u00f9 attrattive le posizioni lavorative nei presidi ospedalieri delle aree interne e disagiate, soprattutto nei reparti di emergenza e urgenza\u201d ha spiegato Leanza.<\/p>\n","protected":false},"excerpt":{"rendered":"<p>\u201cLa carenza di medici nelle aree montane e interne della nostra regione \u00e8 una delle sfide pi\u00f9 urgenti da affrontare per il nostro sistema sanitario regionale, e nella provincia di Messina nello specifico. Nella finanziaria regionale \u00e8 stato inserito un incentivo straordinario fino a 18.000 euro annui per il personale sanitario operante nelle aree montane [&hellip;]<\/p>\n","protected":false},"author":2,"featured_media":135066,"comment_status":"open","ping_status":"open","sticky":false,"template":"","format":"standard","meta":{"ub_ctt_via":"","_mi_skip_tracking":false},"categories":[4,6],"tags":[3300,11222,1883,11223],"featured_image_src":"https:\/\/www.messinaoggi.it\/website\/wp-content\/uploads\/2022\/12\/Leanza-3.jpg","author_info":{"display_name":"Redazione","author_link":"https:\/\/www.messinaoggi.it\/website\/author\/redazione\/"},"digistream_id":0,"digistream":false,"_links":{"self":[{"href":"https:\/\/www.messinaoggi.it\/website\/wp-json\/wp\/v2\/posts\/223743"}],"collection":[{"href":"https:\/\/www.messinaoggi.it\/website\/wp-json\/wp\/v2\/posts"}],"about":[{"href":"https:\/\/www.messinaoggi.it\/website\/wp-json\/wp\/v2\/types\/post"}],"author":[{"embeddable":true,"href":"https:\/\/www.messinaoggi.it\/website\/wp-json\/wp\/v2\/users\/2"}],"replies":[{"embeddable":true,"href":"https:\/\/www.messinaoggi.it\/website\/wp-json\/wp\/v2\/comments?post=223743"}],"version-history":[{"count":1,"href":"https:\/\/www.messinaoggi.it\/website\/wp-json\/wp\/v2\/posts\/223743\/revisions"}],"predecessor-version":[{"id":223744,"href":"https:\/\/www.messinaoggi.it\/website\/wp-json\/wp\/v2\/posts\/223743\/revisions\/223744"}],"wp:featuredmedia":[{"embeddable":true,"href":"https:\/\/www.messinaoggi.it\/website\/wp-json\/wp\/v2\/media\/135066"}],"wp:attachment":[{"href":"https:\/\/www.messinaoggi.it\/website\/wp-json\/wp\/v2\/media?parent=223743"}],"wp:term":[{"taxonomy":"category","embeddable":true,"href":"https:\/\/www.messinaoggi.it\/website\/wp-json\/wp\/v2\/categories?post=223743"},{"taxonomy":"post_tag","embeddable":true,"href":"https:\/\/www.messinaoggi.it\/website\/wp-json\/wp\/v2\/tags?post=223743"}],"curies":[{"name":"wp","href":"https:\/\/api.w.org\/{rel}","templated":true}]}}