{"id":223716,"date":"2024-12-29T17:30:46","date_gmt":"2024-12-29T16:30:46","guid":{"rendered":"http:\/\/www.messinaoggi.it\/website\/?p=223716"},"modified":"2024-12-29T17:53:21","modified_gmt":"2024-12-29T16:53:21","slug":"la-necessita-politica-di-un-centro","status":"publish","type":"post","link":"https:\/\/www.messinaoggi.it\/website\/2024\/12\/29\/la-necessita-politica-di-un-centro\/","title":{"rendered":"La necessit\u00e0 politica di un centro"},"content":{"rendered":"\n<p>La bont\u00e0 di due forze politiche, che si alternino nel governo del Paese \u00e8 espressione di maturit\u00e0 e permette agli elettori di scegliere e giudicare l&#8217;operato del vincitore (il cosiddetto bipolarismo). Succede cos\u00ec in molti Stati: Gran Bretagna e Stati Uniti sono esempi dove   tale formula elettorale \u00e8 compiuta. In Italia il bipolarismo zoppica, perch\u00e9 i partiti pi\u00f9 votati non hanno la forza da soli di governare. Sono nate quindi le coalizioni, che manifestano crepe perch\u00e9 costituite da forze politiche spesso non omogenee e animate solo dal desiderio di piantare bandierine identitarie per racimolare qualche voto in pi\u00f9. <div id=\"div-gpt-ad-Messinaoggi.it-DSK-300x250-corpoart\" style=\"text-align:center;margin:0 auto;\"><\/div><\/p>\n\n\n\n<p>Centrodestra e centrosinistra sono infatti due luoghi astratti tenuti insieme dal premio di maggioranza, piuttosto che da una visione programmatica e da una coesa e comune azione di governo. Le diatribe quotidiane, anche nel blocco consolidato del centrodestra, ne sono plastica raffigurazione. \u00c8 ipocrisia spiegare i contrasti con la giustificazione della diversa sensibilit\u00e0 politica o della dialettica costruttiva. Ne deriva la necessit\u00e0 di un soggetto politico, consistente per consenso, capace di equilibrare e evitare deragliamenti inopportuni. <div id=\"videoincontent\" style=\"clear:both\";><\/div><\/p>\n\n\n\n<p>La nascita di un centro moderato-liberale-riformista, che faccia da punto di gravit\u00e1 non solo parlamentare ma soprattutto politico, appare ineludibile e terapeutico per affrontare le sfide epocali che attendono il Paese.  Ma il centro non pu\u00f2 essere inteso come un punto geografico o una zona franca dove sistemare personaggi in cerca d&#8217;autore, esso deve rappresentare un laboratorio permanente dove la politica \u00e8 intesa come &#8220;arte dello Stato&#8221;, scienza al servizio dei cittadini, non un palcoscenico dove recitare un copione scadente. <\/p>\n\n\n\n<p>Che la politica sia arte non Zelig, Renzi e Calenda lo hanno sperimentato: dagli errori si dovrebbe imparare.<\/p>\n\n\n\n<p><strong>Diego Celi<\/strong><\/p>\n\n\n\n<figure class=\"wp-block-image\"><img src=\"https:\/\/webmail.aruba.it\/smart\/javascript\/release\/dojo\/dojo\/resources\/blank.gif\" alt=\"\"\/><\/figure>\n\n\n\n<figure class=\"wp-block-image\"><img src=\"https:\/\/webmail.aruba.it\/smart\/javascript\/release\/dojo\/dojo\/resources\/blank.gif\" alt=\"\"\/><\/figure>\n\n\n\n<figure class=\"wp-block-image\"><img src=\"https:\/\/webmail.aruba.it\/smart\/javascript\/release\/dojo\/dojo\/resources\/blank.gif\" alt=\"\"\/><\/figure>\n\n\n\n<figure class=\"wp-block-image\"><img src=\"https:\/\/webmail.aruba.it\/smart\/javascript\/release\/dojo\/dojo\/resources\/blank.gif\" alt=\"\"\/><\/figure>\n\n\n\n<figure class=\"wp-block-image\"><img src=\"https:\/\/webmail.aruba.it\/smart\/javascript\/release\/dojo\/dojo\/resources\/blank.gif\" alt=\"\"\/><\/figure>\n\n\n\n<figure class=\"wp-block-image\"><img src=\"https:\/\/webmail.aruba.it\/smart\/javascript\/release\/dojo\/dojo\/resources\/blank.gif\" alt=\"\"\/><\/figure>\n\n\n\n<figure class=\"wp-block-image\"><img src=\"https:\/\/webmail.aruba.it\/smart\/javascript\/release\/dojo\/dojo\/resources\/blank.gif\" alt=\"\"\/><\/figure>\n\n\n\n<figure class=\"wp-block-image\"><img src=\"https:\/\/webmail.aruba.it\/smart\/javascript\/release\/dojo\/dojo\/resources\/blank.gif\" alt=\"\"\/><\/figure>\n\n\n\n<figure class=\"wp-block-image\"><img src=\"https:\/\/webmail.aruba.it\/smart\/javascript\/release\/dojo\/dojo\/resources\/blank.gif\" alt=\"\"\/><\/figure>\n\n\n\n<figure class=\"wp-block-image\"><img src=\"https:\/\/webmail.aruba.it\/smart\/javascript\/release\/dojo\/dojo\/resources\/blank.gif\" alt=\"\"\/><\/figure>\n\n\n\n<figure class=\"wp-block-image\"><img src=\"https:\/\/webmail.aruba.it\/smart\/javascript\/release\/dojo\/dojo\/resources\/blank.gif\" alt=\"\"\/><\/figure>\n\n\n\n<figure class=\"wp-block-image\"><img src=\"https:\/\/webmail.aruba.it\/smart\/javascript\/release\/dojo\/dojo\/resources\/blank.gif\" alt=\"\"\/><\/figure>\n\n\n\n<figure class=\"wp-block-image\"><img src=\"https:\/\/webmail.aruba.it\/smart\/javascript\/release\/dojo\/dojo\/resources\/blank.gif\" alt=\"\"\/><\/figure>\n\n\n\n<figure class=\"wp-block-image\"><img src=\"https:\/\/webmail.aruba.it\/smart\/javascript\/release\/dojo\/dojo\/resources\/blank.gif\" alt=\"\"\/><\/figure>\n","protected":false},"excerpt":{"rendered":"<p>La bont\u00e0 di due forze politiche, che si alternino nel governo del Paese \u00e8 espressione di maturit\u00e0 e permette agli elettori di scegliere e giudicare l&#8217;operato del vincitore (il cosiddetto bipolarismo). Succede cos\u00ec in molti Stati: Gran Bretagna e Stati Uniti sono esempi dove tale formula elettorale \u00e8 compiuta. In Italia il bipolarismo zoppica, perch\u00e9 [&hellip;]<\/p>\n","protected":false},"author":2,"featured_media":223717,"comment_status":"open","ping_status":"open","sticky":false,"template":"","format":"standard","meta":{"ub_ctt_via":"","_mi_skip_tracking":false},"categories":[12,6],"tags":[3517,1455,4042],"featured_image_src":"https:\/\/www.messinaoggi.it\/website\/wp-content\/uploads\/2024\/12\/centro-politico-2.jpg","author_info":{"display_name":"Redazione","author_link":"https:\/\/www.messinaoggi.it\/website\/author\/redazione\/"},"digistream_id":0,"digistream":false,"_links":{"self":[{"href":"https:\/\/www.messinaoggi.it\/website\/wp-json\/wp\/v2\/posts\/223716"}],"collection":[{"href":"https:\/\/www.messinaoggi.it\/website\/wp-json\/wp\/v2\/posts"}],"about":[{"href":"https:\/\/www.messinaoggi.it\/website\/wp-json\/wp\/v2\/types\/post"}],"author":[{"embeddable":true,"href":"https:\/\/www.messinaoggi.it\/website\/wp-json\/wp\/v2\/users\/2"}],"replies":[{"embeddable":true,"href":"https:\/\/www.messinaoggi.it\/website\/wp-json\/wp\/v2\/comments?post=223716"}],"version-history":[{"count":2,"href":"https:\/\/www.messinaoggi.it\/website\/wp-json\/wp\/v2\/posts\/223716\/revisions"}],"predecessor-version":[{"id":223721,"href":"https:\/\/www.messinaoggi.it\/website\/wp-json\/wp\/v2\/posts\/223716\/revisions\/223721"}],"wp:featuredmedia":[{"embeddable":true,"href":"https:\/\/www.messinaoggi.it\/website\/wp-json\/wp\/v2\/media\/223717"}],"wp:attachment":[{"href":"https:\/\/www.messinaoggi.it\/website\/wp-json\/wp\/v2\/media?parent=223716"}],"wp:term":[{"taxonomy":"category","embeddable":true,"href":"https:\/\/www.messinaoggi.it\/website\/wp-json\/wp\/v2\/categories?post=223716"},{"taxonomy":"post_tag","embeddable":true,"href":"https:\/\/www.messinaoggi.it\/website\/wp-json\/wp\/v2\/tags?post=223716"}],"curies":[{"name":"wp","href":"https:\/\/api.w.org\/{rel}","templated":true}]}}