{"id":223712,"date":"2024-12-29T15:05:40","date_gmt":"2024-12-29T14:05:40","guid":{"rendered":"https:\/\/www.messinaoggi.it\/website\/2024\/12\/29\/papa-francesco-in-famiglia-serve-lascolto-no-teste-basse-sul-cellulare\/"},"modified":"2024-12-29T15:05:40","modified_gmt":"2024-12-29T14:05:40","slug":"papa-francesco-in-famiglia-serve-lascolto-no-teste-basse-sul-cellulare","status":"publish","type":"post","link":"https:\/\/www.messinaoggi.it\/website\/2024\/12\/29\/papa-francesco-in-famiglia-serve-lascolto-no-teste-basse-sul-cellulare\/","title":{"rendered":"Papa Francesco \u201cIn famiglia serve l\u2019ascolto, no teste basse sul cellulare\u201d"},"content":{"rendered":"<div>ROMA (ITALPRESS) &#8211; &#8220;Il dialogo \u00e8 un elemento importante per una famiglia! Una famiglia che non comunica non pu\u00f2 essere una famiglia felice&#8221;. Cos\u00ec Papa Francesco all&#8217;Angelus in piazza San Pietro, a Roma. <br \/>&#8220;E&#8217; bello quando una madre non inizia con il rimprovero, ma con una domanda&#8221;, sottolinea il Pontefice, che poi aggiunge: &#8220;Ascoltare \u00e8 dare importanza all&#8217;altro, riconoscere il suo diritto di esistere e pensare autonomamente. I figli hanno bisogno di questo. Pensate bene, voi genitori, ascoltate i figli, hanno bisogno!&#8221;. &#8220;Un momento privilegiato di dialogo e di ascolto in famiglia \u00e8 quello dei pasti &#8211; prosegue -. E&#8217; bello stare insieme a tavola e parlare. Questo pu\u00f2 risolvere tanti problemi, e soprattutto unisce le generazioni: figli che parlano con i genitori, nipoti che parlano con i nonni&#8230; Mai restare chiusi in s\u00e8 stessi o, peggio ancora, con la testa sul cellulare. Questo non va&#8230; mai, mai questo. Parlare, ascoltarsi, questo \u00e8 il dialogo che fa bene e che fa crescere!&#8221;.<br \/>&#8220;La famiglia \u00e8 la cellula della societ\u00e0, \u00e8 un tesoro prezioso da sostenere e tutelare&#8221;, dice poi il Santo Padre, che rivolge il proprio pensiero &#8220;alle tante famiglie in Corea del Sud che oggi sono in lutto a seguito del drammatico incidente aereo. Mi unisco in preghiera per i superstiti e per i morti. E preghiamo anche per le famiglie che soffrono a causa delle guerre: nella martoriata Ucraina, in Palestina, in Israele, nel Myanmar, in Sudan, Nord Kivu, preghiamo per tutte queste famiglie in guerra&#8221;.<br \/>&#8211; foto Agenzia Fotogramma &#8211;<br \/>(ITALPRESS).<\/div>\n<div id=\"div-gpt-ad-Messinaoggi.it-DSK-300x250-corpoart\" style=\"text-align:center;margin:0 auto;\"><\/div><\/p><div id=\"videoincontent\" style=\"clear:both\";><\/div>","protected":false},"excerpt":{"rendered":"<p>ROMA (ITALPRESS) &#8211; &#8220;Il dialogo \u00e8 un elemento importante per una famiglia! Una famiglia che non comunica non pu\u00f2 essere una famiglia felice&#8221;. Cos\u00ec Papa Francesco all&#8217;Angelus in piazza San Pietro, a Roma. &#8220;E&#8217; bello quando una madre non inizia con il rimprovero, ma con una domanda&#8221;, sottolinea il Pontefice, che poi aggiunge: &#8220;Ascoltare \u00e8 [&hellip;]<\/p>\n","protected":false},"author":18,"featured_media":223713,"comment_status":"closed","ping_status":"closed","sticky":false,"template":"","format":"standard","meta":{"ub_ctt_via":"","_mi_skip_tracking":false},"categories":[446],"tags":[783],"featured_image_src":"https:\/\/www.messinaoggi.it\/website\/wp-content\/uploads\/2024\/12\/20241229_0244.jpg","author_info":{"display_name":"Admin","author_link":"https:\/\/www.messinaoggi.it\/website\/author\/admin\/"},"digistream_id":0,"digistream":false,"_links":{"self":[{"href":"https:\/\/www.messinaoggi.it\/website\/wp-json\/wp\/v2\/posts\/223712"}],"collection":[{"href":"https:\/\/www.messinaoggi.it\/website\/wp-json\/wp\/v2\/posts"}],"about":[{"href":"https:\/\/www.messinaoggi.it\/website\/wp-json\/wp\/v2\/types\/post"}],"author":[{"embeddable":true,"href":"https:\/\/www.messinaoggi.it\/website\/wp-json\/wp\/v2\/users\/18"}],"replies":[{"embeddable":true,"href":"https:\/\/www.messinaoggi.it\/website\/wp-json\/wp\/v2\/comments?post=223712"}],"version-history":[{"count":0,"href":"https:\/\/www.messinaoggi.it\/website\/wp-json\/wp\/v2\/posts\/223712\/revisions"}],"wp:featuredmedia":[{"embeddable":true,"href":"https:\/\/www.messinaoggi.it\/website\/wp-json\/wp\/v2\/media\/223713"}],"wp:attachment":[{"href":"https:\/\/www.messinaoggi.it\/website\/wp-json\/wp\/v2\/media?parent=223712"}],"wp:term":[{"taxonomy":"category","embeddable":true,"href":"https:\/\/www.messinaoggi.it\/website\/wp-json\/wp\/v2\/categories?post=223712"},{"taxonomy":"post_tag","embeddable":true,"href":"https:\/\/www.messinaoggi.it\/website\/wp-json\/wp\/v2\/tags?post=223712"}],"curies":[{"name":"wp","href":"https:\/\/api.w.org\/{rel}","templated":true}]}}