{"id":223681,"date":"2024-12-29T09:00:00","date_gmt":"2024-12-29T08:00:00","guid":{"rendered":"http:\/\/www.messinaoggi.it\/website\/?p=223681"},"modified":"2024-12-28T23:35:49","modified_gmt":"2024-12-28T22:35:49","slug":"nasce-wake-up-messina-vogliamo-una-sicilia-che-diventi-una-nuova-irlanda","status":"publish","type":"post","link":"https:\/\/www.messinaoggi.it\/website\/2024\/12\/29\/nasce-wake-up-messina-vogliamo-una-sicilia-che-diventi-una-nuova-irlanda\/","title":{"rendered":"Nasce &#8220;Wake Up Messina&#8221;: &#8220;Vogliamo una Sicilia che diventi una nuova Irlanda&#8221;"},"content":{"rendered":"\n<p>Si \u00e8 tenuto venerd\u00ec sera al Docker&#8217;s pub il primo incontro informale di <strong><em>Wake Up Messina<\/em><\/strong>, il gruppo politico nato per sostenere il <strong><em>Movimento Drin Drin<\/em><\/strong>, promosso a livello nazionale dal professore ed economista <strong>Michele Boldrin<\/strong> e dall\u2019imprenditore <strong>Alberto Forchielli<\/strong>.<div id=\"div-gpt-ad-Messinaoggi.it-DSK-300x250-corpoart\" style=\"text-align:center;margin:0 auto;\"><\/div><\/p>\n\n\n\n<p>L\u2019appuntamento, organizzato da <strong>Mauro Caratozzolo<\/strong>, ha visto la partecipazione di almeno una trentina di persone, tra cui giovani e professionisti provenienti non solo da Messina, ma anche da Reggio Calabria e Palermo.<div id=\"videoincontent\" style=\"clear:both\";><\/div><\/p>\n\n\n\n<p>Forchielli e Boldrin hanno pi\u00f9 volte sottolineato la natura liberaldemocratica ma anche pragmatica del movimento, che si propone d&#8217;altronde di superare le tradizionali divisioni ideologiche. Wake Up Messina, infatti, vuole essere una realt\u00e0 politica innovativa e inclusiva, capace di attrarre talenti e competenze per affrontare le sfide del territorio.<\/p>\n\n\n\n<p>&#8220;L\u2019obiettivo \u00e8 trasformare Messina e la Sicilia in una nuova Irlanda,&#8221; ha spiegato Caratozzolo, &#8220;mentre rischiamo di scivolare verso un declino simile a quello della Grecia. Serve un\u2019inversione di rotta, puntando su istruzione e investimenti.&#8221; Il gruppo si presenta come una &#8220;start-up politica&#8221; con l\u2019ambizione di diventare un punto di riferimento locale e non solo.<\/p>\n\n\n\n<figure class=\"wp-block-image size-large is-resized\"><img loading=\"lazy\" src=\"http:\/\/www.messinaoggi.it\/website\/wp-content\/uploads\/2024\/12\/IMG-20241228-WA0096-768x1024.jpg\" alt=\"\" class=\"wp-image-223686\" width=\"578\" height=\"770\" srcset=\"https:\/\/www.messinaoggi.it\/website\/wp-content\/uploads\/2024\/12\/IMG-20241228-WA0096-768x1024.jpg 768w, https:\/\/www.messinaoggi.it\/website\/wp-content\/uploads\/2024\/12\/IMG-20241228-WA0096-225x300.jpg 225w, https:\/\/www.messinaoggi.it\/website\/wp-content\/uploads\/2024\/12\/IMG-20241228-WA0096-1152x1536.jpg 1152w, https:\/\/www.messinaoggi.it\/website\/wp-content\/uploads\/2024\/12\/IMG-20241228-WA0096.jpg 1200w\" sizes=\"(max-width: 578px) 100vw, 578px\" \/><\/figure>\n\n\n\n<p>A fianco di Mauro Caratozzolo c&#8217;\u00e8 il 19enne <strong>Carlo Bramanti<\/strong>, simbolo della spinta giovane che il nuovo movimento vuole dare alla politica. Bramanti, che cura i social di Wake Up Messina, puntando sull&#8217;informazione seria e fattuale, &#8220;contro le narrazioni populiste degli altri partiti&#8221; ritiene che &#8220;bisogna anche contrastare la realt\u00e0 clientelare che incancrenisce il Sud, la Sicilia e Messina, riportando l&#8217;attenzione sul merito e la competenza. \u00c8 importante far tornare a casa i fuorisede, che abbandonano la citt\u00e0 per cercare il futuro che meritano&#8221;.<\/p>\n\n\n\n<p>&#8220;Possiamo creare una Sicilia e una Messina adeguate ai loro talenti, che li accolgano e li mettano a frutto. \u00c8 necessario per questo rilanciare le industrie e i servizi. L&#8217;universit\u00e0 inoltre deve modernizzarsi e diventare attrattiva (sia per gli studenti che per i docenti), perch\u00e9 questo immobilismo generale sta distruggendo\u00a0la\u00a0citt\u00e0&#8221; ha approfondito. <\/p>\n\n\n\n<figure class=\"wp-block-image size-large\"><img loading=\"lazy\" width=\"768\" height=\"1024\" src=\"http:\/\/www.messinaoggi.it\/website\/wp-content\/uploads\/2024\/12\/IMG-20241228-WA0097-768x1024.jpg\" alt=\"\" class=\"wp-image-223685\" srcset=\"https:\/\/www.messinaoggi.it\/website\/wp-content\/uploads\/2024\/12\/IMG-20241228-WA0097-768x1024.jpg 768w, https:\/\/www.messinaoggi.it\/website\/wp-content\/uploads\/2024\/12\/IMG-20241228-WA0097-225x300.jpg 225w, https:\/\/www.messinaoggi.it\/website\/wp-content\/uploads\/2024\/12\/IMG-20241228-WA0097-1152x1536.jpg 1152w, https:\/\/www.messinaoggi.it\/website\/wp-content\/uploads\/2024\/12\/IMG-20241228-WA0097.jpg 1536w\" sizes=\"(max-width: 768px) 100vw, 768px\" \/><figcaption>Da sinistra Carlo Bramanti e Mauro Caratozzolo <\/figcaption><\/figure>\n\n\n\n<p>La serata, caratterizzata da un clima informale e dialogico, ha affrontato temi di interesse locale e nazionale. Tra gli argomenti discussi, la gestione della citt\u00e0 di Messina, l\u2019amministrazione di Federico Basile e della sua giunta, il ponte sullo Stretto e questioni economiche come il salario minimo e la tassazione. Non \u00e8 mancata una riflessione sul ruolo del movimento a livello nazionale e sulle differenze rispetto ai partiti tradizionali. <\/p>\n\n\n\n<p>Ora il gruppo dovr\u00e0 decidere se costituirsi come circolo autonomo per Messina o unirsi ai rappresentanti di Reggio Calabria per formare un unico Circolo dello Stretto. Se i numeri e l\u2019entusiasmo saranno confermati, Wake Up Messina potrebbe diventare un punto di riferimento per tutta la Sicilia, contribuendo a rafforzare il radicamento del Movimento Drin Drin.<\/p>\n\n\n\n<p>Concludendo, l\u2019incontro ha evidenziato l\u2019importanza di attrarre giovani ma anche di coinvolgere figure esperte e competenti, puntando a formare una nuova classe dirigente, sugli auspici di Boldrin e Forchielli. <\/p>\n\n\n\n<p>\u201cVogliamo essere un incubatore di idee e soluzioni per costruire il futuro della citt\u00e0 e della regione,&#8221; ha affermato Caratozzolo.<\/p>\n","protected":false},"excerpt":{"rendered":"<p>Si \u00e8 tenuto venerd\u00ec sera al Docker&#8217;s pub il primo incontro informale di Wake Up Messina, il gruppo politico nato per sostenere il Movimento Drin Drin, promosso a livello nazionale dal professore ed economista Michele Boldrin e dall\u2019imprenditore Alberto Forchielli. L\u2019appuntamento, organizzato da Mauro Caratozzolo, ha visto la partecipazione di almeno una trentina di persone, [&hellip;]<\/p>\n","protected":false},"author":15,"featured_media":223687,"comment_status":"open","ping_status":"open","sticky":false,"template":"","format":"standard","meta":{"ub_ctt_via":"","_mi_skip_tracking":false},"categories":[4,6],"tags":[11221,11219,6727,11218,11220],"featured_image_src":"https:\/\/www.messinaoggi.it\/website\/wp-content\/uploads\/2024\/12\/IMG-20241228-WA0003.jpg","author_info":{"display_name":"red.me","author_link":"https:\/\/www.messinaoggi.it\/website\/author\/red-me\/"},"digistream_id":0,"digistream":false,"_links":{"self":[{"href":"https:\/\/www.messinaoggi.it\/website\/wp-json\/wp\/v2\/posts\/223681"}],"collection":[{"href":"https:\/\/www.messinaoggi.it\/website\/wp-json\/wp\/v2\/posts"}],"about":[{"href":"https:\/\/www.messinaoggi.it\/website\/wp-json\/wp\/v2\/types\/post"}],"author":[{"embeddable":true,"href":"https:\/\/www.messinaoggi.it\/website\/wp-json\/wp\/v2\/users\/15"}],"replies":[{"embeddable":true,"href":"https:\/\/www.messinaoggi.it\/website\/wp-json\/wp\/v2\/comments?post=223681"}],"version-history":[{"count":4,"href":"https:\/\/www.messinaoggi.it\/website\/wp-json\/wp\/v2\/posts\/223681\/revisions"}],"predecessor-version":[{"id":223691,"href":"https:\/\/www.messinaoggi.it\/website\/wp-json\/wp\/v2\/posts\/223681\/revisions\/223691"}],"wp:featuredmedia":[{"embeddable":true,"href":"https:\/\/www.messinaoggi.it\/website\/wp-json\/wp\/v2\/media\/223687"}],"wp:attachment":[{"href":"https:\/\/www.messinaoggi.it\/website\/wp-json\/wp\/v2\/media?parent=223681"}],"wp:term":[{"taxonomy":"category","embeddable":true,"href":"https:\/\/www.messinaoggi.it\/website\/wp-json\/wp\/v2\/categories?post=223681"},{"taxonomy":"post_tag","embeddable":true,"href":"https:\/\/www.messinaoggi.it\/website\/wp-json\/wp\/v2\/tags?post=223681"}],"curies":[{"name":"wp","href":"https:\/\/api.w.org\/{rel}","templated":true}]}}