{"id":223653,"date":"2024-12-28T15:05:40","date_gmt":"2024-12-28T14:05:40","guid":{"rendered":"https:\/\/www.messinaoggi.it\/website\/2024\/12\/28\/la-manovra-e-legge-via-libera-definitiva-dal-senato\/"},"modified":"2024-12-28T15:05:40","modified_gmt":"2024-12-28T14:05:40","slug":"la-manovra-e-legge-via-libera-definitiva-dal-senato","status":"publish","type":"post","link":"https:\/\/www.messinaoggi.it\/website\/2024\/12\/28\/la-manovra-e-legge-via-libera-definitiva-dal-senato\/","title":{"rendered":"La manovra \u00e8 legge, via libera definitiva dal Senato"},"content":{"rendered":"<div>ROMA (ITALPRESS) &#8211; Con 112 voti favorevoli, 67 contrari e una astensione, il Senato ha rinnovato la fiducia al Governo approvando l&#8217;articolo 1 del disegno di legge di bilancio di previsione dello Stato per l&#8217;anno finanziario 2025 e bilancio pluriennale per il triennio 2025-2027. Successivamente l&#8217;Aula ha dato il via libera definitivo al provvedimento, con 108 voti favorevoli, 63 contrari e una astensione. La manovra \u00e8 quindi legge in seconda lettura, senza modifiche rispetto al testo approvato dalla Camera.<div id=\"div-gpt-ad-Messinaoggi.it-DSK-300x250-corpoart\" style=\"text-align:center;margin:0 auto;\"><\/div><\/p>\n<p>&#8220;Il Parlamento ha approvato la legge di bilancio 2025, la terza dall&#8217;insediamento del Governo. \u00c8 una manovra di grande equilibrio, che sostiene i redditi medio-bassi, aiuta le famiglie con figli, stanzia risorse record per la sanit\u00e0, riduce la pressione fiscale e d\u00e0 una mano a chi produce e crea occupazione e benessere&#8221;. Cos\u00ec la presidente del Consioglio, Giorgia Meloni, commentando il via libera definitivo del Senato alla manovra. &#8220;Abbiamo utilizzato le limitate risorse a disposizione per rafforzare le principali misure introdotte in questi anni, rendendone alcune strutturali e con una platea pi\u00f9 estesa, a partire dal taglio del cuneo fiscale. Abbiamo proseguito sulla strada del sostegno alla natalit\u00e0 e del lavoro femminile, e siamo intervenuti a sostegno delle imprese che investono e rafforzano la propria solidit\u00e0 e competitivit\u00e0&#8221;, ha aggiunto la premier. &#8220;Teniamo i conti in ordine, non rinunciando ad attuare il programma elettorale che abbiamo presentato agli italiani, e diamo ancor pi\u00f9 slancio al nostro impegno per combattere la vera evasione e gettare le basi per un rapporto nuovo tra Stato e cittadini. Un altro passo in avanti per costruire un&#8217;Italia pi\u00f9 giusta, forte e competitiva&#8221;, ha concluso Meloni.<br \/>\n&#8220;Abbiamo approvato una manovra seria che, senza trascurare gli equilibri di bilancio, mette al primo posto le esigenze delle famiglie e delle imprese italiane. E che ribadisce attenzione e impegno verso il settore pubblico&#8221;, sottolinea il ministro per la Pubblica amministrazione, Paolo Zangrillo, esprimendo &#8220;grande soddisfazione&#8221; per il via libera definitivo alla legge di bilancio.<br \/>\n(ITALPRESS).<div id=\"videoincontent\" style=\"clear:both\";><\/div><\/p><\/div>\n","protected":false},"excerpt":{"rendered":"<p>ROMA (ITALPRESS) &#8211; Con 112 voti favorevoli, 67 contrari e una astensione, il Senato ha rinnovato la fiducia al Governo approvando l&#8217;articolo 1 del disegno di legge di bilancio di previsione dello Stato per l&#8217;anno finanziario 2025 e bilancio pluriennale per il triennio 2025-2027. Successivamente l&#8217;Aula ha dato il via libera definitivo al provvedimento, con [&hellip;]<\/p>\n","protected":false},"author":18,"featured_media":223654,"comment_status":"closed","ping_status":"closed","sticky":false,"template":"","format":"standard","meta":{"ub_ctt_via":"","_mi_skip_tracking":false},"categories":[446],"tags":[783],"featured_image_src":"https:\/\/www.messinaoggi.it\/website\/wp-content\/uploads\/2024\/12\/20241228_0702.jpg","author_info":{"display_name":"Admin","author_link":"https:\/\/www.messinaoggi.it\/website\/author\/admin\/"},"digistream_id":0,"digistream":false,"_links":{"self":[{"href":"https:\/\/www.messinaoggi.it\/website\/wp-json\/wp\/v2\/posts\/223653"}],"collection":[{"href":"https:\/\/www.messinaoggi.it\/website\/wp-json\/wp\/v2\/posts"}],"about":[{"href":"https:\/\/www.messinaoggi.it\/website\/wp-json\/wp\/v2\/types\/post"}],"author":[{"embeddable":true,"href":"https:\/\/www.messinaoggi.it\/website\/wp-json\/wp\/v2\/users\/18"}],"replies":[{"embeddable":true,"href":"https:\/\/www.messinaoggi.it\/website\/wp-json\/wp\/v2\/comments?post=223653"}],"version-history":[{"count":0,"href":"https:\/\/www.messinaoggi.it\/website\/wp-json\/wp\/v2\/posts\/223653\/revisions"}],"wp:featuredmedia":[{"embeddable":true,"href":"https:\/\/www.messinaoggi.it\/website\/wp-json\/wp\/v2\/media\/223654"}],"wp:attachment":[{"href":"https:\/\/www.messinaoggi.it\/website\/wp-json\/wp\/v2\/media?parent=223653"}],"wp:term":[{"taxonomy":"category","embeddable":true,"href":"https:\/\/www.messinaoggi.it\/website\/wp-json\/wp\/v2\/categories?post=223653"},{"taxonomy":"post_tag","embeddable":true,"href":"https:\/\/www.messinaoggi.it\/website\/wp-json\/wp\/v2\/tags?post=223653"}],"curies":[{"name":"wp","href":"https:\/\/api.w.org\/{rel}","templated":true}]}}