{"id":223468,"date":"2024-12-25T10:40:46","date_gmt":"2024-12-25T09:40:46","guid":{"rendered":"http:\/\/www.messinaoggi.it\/website\/?p=223468"},"modified":"2024-12-25T10:40:50","modified_gmt":"2024-12-25T09:40:50","slug":"scuola-cgil-dimensionamento-e-colpo-mortale","status":"publish","type":"post","link":"https:\/\/www.messinaoggi.it\/website\/2024\/12\/25\/scuola-cgil-dimensionamento-e-colpo-mortale\/","title":{"rendered":"Scuola, Cgil: &#8220;Dimensionamento \u00e8 colpo mortale&#8221;"},"content":{"rendered":"\n<p>\u201cIl Piano di dimensionamento scolastico per l\u2019anno 2025\/2026, approvato dall\u2019Assessorato regionale dell\u2019istruzione, \u00e8 inaccettabile e rappresenta un duro attacco al diritto allo studio e alla qualit\u00e0 dell\u2019istruzione in Sicilia\u201d, dichiara Adriano Rizza, segretario generale della FLC CGIL Sicilia.<div id=\"div-gpt-ad-Messinaoggi.it-DSK-300x250-corpoart\" style=\"text-align:center;margin:0 auto;\"><\/div><\/p>\n\n\n\n<p>\u201cCon la soppressione di ben 23 istituzioni scolastiche in tutta l\u2019Isola \u2013 aggiunge \u2013 questa manovra \u00e8 una resa di fronte ai problemi strutturali della scuola pubblica siciliana, camuffata da una presunta volont\u00e0 di modernizzazione. \u00c8 inaccettabile che si utilizzi il pretesto dell\u2019\u201cinteresse collettivo\u201d per giustificare un piano che impoverisce ulteriormente le aree gi\u00e0 svantaggiate della nostra regione, aumentando la dispersione scolastica e accentuando le disuguaglianze sociali e territoriali\u201d.<div id=\"videoincontent\" style=\"clear:both\";><\/div><\/p>\n\n\n\n<p>\u201cLe dichiarazioni dell\u2019assessore Turano \u2013 aggiunge Rizza \u2013 sulla \u201cvalorizzazione della continuit\u00e0 educativa\u201d e sulla costruzione di una scuola pi\u00f9 \u201cmoderna e inclusiva\u201d sono smentite dai fatti. La soppressione di direzioni didattiche e istituti, la verticalizzazione forzata e gli accorpamenti non rispondono a logiche educative, ma unicamente alla necessit\u00e0 di rispettare tagli imposti a livello nazionale. Questi interventi, invece di rafforzare il sistema scolastico, lo rendono pi\u00f9 fragile e inadeguato a rispondere alle sfide del presente e del futuro\u201d.<\/p>\n","protected":false},"excerpt":{"rendered":"<p>\u201cIl Piano di dimensionamento scolastico per l\u2019anno 2025\/2026, approvato dall\u2019Assessorato regionale dell\u2019istruzione, \u00e8 inaccettabile e rappresenta un duro attacco al diritto allo studio e alla qualit\u00e0 dell\u2019istruzione in Sicilia\u201d, dichiara Adriano Rizza, segretario generale della FLC CGIL Sicilia. \u201cCon la soppressione di ben 23 istituzioni scolastiche in tutta l\u2019Isola \u2013 aggiunge \u2013 questa manovra \u00e8 [&hellip;]<\/p>\n","protected":false},"author":2,"featured_media":82471,"comment_status":"open","ping_status":"open","sticky":false,"template":"","format":"standard","meta":{"ub_ctt_via":"","_mi_skip_tracking":false},"categories":[11],"tags":[967,9004,11201],"featured_image_src":"https:\/\/www.messinaoggi.it\/website\/wp-content\/uploads\/2021\/10\/9B16B5EF-C0E3-41F5-8714-D5CAEF2C19C9.jpeg","author_info":{"display_name":"Redazione","author_link":"https:\/\/www.messinaoggi.it\/website\/author\/redazione\/"},"digistream_id":0,"digistream":false,"_links":{"self":[{"href":"https:\/\/www.messinaoggi.it\/website\/wp-json\/wp\/v2\/posts\/223468"}],"collection":[{"href":"https:\/\/www.messinaoggi.it\/website\/wp-json\/wp\/v2\/posts"}],"about":[{"href":"https:\/\/www.messinaoggi.it\/website\/wp-json\/wp\/v2\/types\/post"}],"author":[{"embeddable":true,"href":"https:\/\/www.messinaoggi.it\/website\/wp-json\/wp\/v2\/users\/2"}],"replies":[{"embeddable":true,"href":"https:\/\/www.messinaoggi.it\/website\/wp-json\/wp\/v2\/comments?post=223468"}],"version-history":[{"count":1,"href":"https:\/\/www.messinaoggi.it\/website\/wp-json\/wp\/v2\/posts\/223468\/revisions"}],"predecessor-version":[{"id":223469,"href":"https:\/\/www.messinaoggi.it\/website\/wp-json\/wp\/v2\/posts\/223468\/revisions\/223469"}],"wp:featuredmedia":[{"embeddable":true,"href":"https:\/\/www.messinaoggi.it\/website\/wp-json\/wp\/v2\/media\/82471"}],"wp:attachment":[{"href":"https:\/\/www.messinaoggi.it\/website\/wp-json\/wp\/v2\/media?parent=223468"}],"wp:term":[{"taxonomy":"category","embeddable":true,"href":"https:\/\/www.messinaoggi.it\/website\/wp-json\/wp\/v2\/categories?post=223468"},{"taxonomy":"post_tag","embeddable":true,"href":"https:\/\/www.messinaoggi.it\/website\/wp-json\/wp\/v2\/tags?post=223468"}],"curies":[{"name":"wp","href":"https:\/\/api.w.org\/{rel}","templated":true}]}}