{"id":22345,"date":"2018-07-23T17:12:40","date_gmt":"2018-07-23T15:12:40","guid":{"rendered":"http:\/\/www.messinaoggi.it\/website\/?p=22345"},"modified":"2018-07-23T17:12:40","modified_gmt":"2018-07-23T15:12:40","slug":"confcommercio-picciotto-confermato-presidente-era-lunico-candidato","status":"publish","type":"post","link":"https:\/\/www.messinaoggi.it\/website\/2018\/07\/23\/confcommercio-picciotto-confermato-presidente-era-lunico-candidato\/","title":{"rendered":"Confcommercio, Picciotto confermato presidente. Era l&#039;unico candidato"},"content":{"rendered":"<p>Carmelo Picciotto \u00e8 stato confermato questa mattina alla guida della Confcommercio Messina. Le elezioni dell&#8217;assemblea si sono svolte questa mattina e al termine delle operazioni di voto il presidente uscente \u00e8 stato riconfermato alla carica.<br \/>\nBuona l&#8217;affluenza &#8211; si legge in una nota della Confcommercio Messina &#8211; degli associati per il rinnovo delle cariche elettive. Picciotto era stato eletto cinque anni addietro dopo un lungo commissariamento per i fatti noti. Picciotto \u00e8 riuscito nell&#8217;intento di risanare le casse della Confcommercio e soprattutto di rilanciare le sorti dell&#8217;Ente Bilaterale del Terizario attraverso una gestione parsimoniosa dell&#8217;Ente.<br \/>\nDa gennaio, alla guida dell&#8217;Ente Bilaterale del Terziario vi \u00e8 il sindacalista Eliseo Gullotti. La gestione dell&#8217;Ebt quindi nel segno della parsimonia. In &#8220;agenda&#8221; vi saranno &#8211; ne siamo certi &#8211; per il prossimo autunno vi sono certamente numerosi eventi per i lavoratori.<br \/>\nCarmelo Picciotto, fra le numerose battaglie portate avanti nei cinque, vi \u00e8 stata quella per la cosiddetta Cosap, la tassa per l&#8217;occupazione del suolo pubblico. Da commerciante valente pagatore della tassa per l&#8217;occupazione del suolo pubblico &#8211; fulgido esempio per tutti i commercianti messinesi &#8211; ha ottenuto numerosi risultati. L&#8217;ultima battaglia, come la sanatoria per le tasse non pagate in passate, sar\u00e0 certamente condotta con spirito costruttivo c0n il nuovo sindaco Cateno De Luca.<br \/>\nIn conclusione c&#8217;\u00e8 da aggiungere che da quando c&#8217;\u00e8 Picciotto alla guida della Confcommercio il personale e i lavoratori sono stati pagati con puntualit\u00e0 svizzera, mentre sono stati azzerati i contenziosi.<br \/>\n <div id=\"div-gpt-ad-Messinaoggi.it-DSK-300x250-corpoart\" style=\"text-align:center;margin:0 auto;\"><\/div><\/p>\n<div id=\"videoincontent\" style=\"clear:both\";><\/div>","protected":false},"excerpt":{"rendered":"<p>Carmelo Picciotto \u00e8 stato confermato questa mattina alla guida della Confcommercio Messina. Le elezioni dell&#8217;assemblea si sono svolte questa mattina e al termine delle operazioni di voto il presidente uscente \u00e8 stato riconfermato alla carica. Buona l&#8217;affluenza &#8211; si legge in una nota della Confcommercio Messina &#8211; degli associati per il rinnovo delle cariche elettive. [&hellip;]<\/p>\n","protected":false},"author":2,"featured_media":17140,"comment_status":"closed","ping_status":"open","sticky":false,"template":"","format":"standard","meta":{"ub_ctt_via":"","_mi_skip_tracking":false},"categories":[5],"tags":[],"featured_image_src":"https:\/\/www.messinaoggi.it\/website\/wp-content\/uploads\/2018\/03\/PICCIOTTO-CARMELO-2-1.jpg","author_info":{"display_name":"Redazione","author_link":"https:\/\/www.messinaoggi.it\/website\/author\/redazione\/"},"digistream_id":0,"digistream":false,"_links":{"self":[{"href":"https:\/\/www.messinaoggi.it\/website\/wp-json\/wp\/v2\/posts\/22345"}],"collection":[{"href":"https:\/\/www.messinaoggi.it\/website\/wp-json\/wp\/v2\/posts"}],"about":[{"href":"https:\/\/www.messinaoggi.it\/website\/wp-json\/wp\/v2\/types\/post"}],"author":[{"embeddable":true,"href":"https:\/\/www.messinaoggi.it\/website\/wp-json\/wp\/v2\/users\/2"}],"replies":[{"embeddable":true,"href":"https:\/\/www.messinaoggi.it\/website\/wp-json\/wp\/v2\/comments?post=22345"}],"version-history":[{"count":0,"href":"https:\/\/www.messinaoggi.it\/website\/wp-json\/wp\/v2\/posts\/22345\/revisions"}],"wp:featuredmedia":[{"embeddable":true,"href":"https:\/\/www.messinaoggi.it\/website\/wp-json\/wp\/v2\/media\/17140"}],"wp:attachment":[{"href":"https:\/\/www.messinaoggi.it\/website\/wp-json\/wp\/v2\/media?parent=22345"}],"wp:term":[{"taxonomy":"category","embeddable":true,"href":"https:\/\/www.messinaoggi.it\/website\/wp-json\/wp\/v2\/categories?post=22345"},{"taxonomy":"post_tag","embeddable":true,"href":"https:\/\/www.messinaoggi.it\/website\/wp-json\/wp\/v2\/tags?post=22345"}],"curies":[{"name":"wp","href":"https:\/\/api.w.org\/{rel}","templated":true}]}}