{"id":223429,"date":"2024-12-24T11:06:16","date_gmt":"2024-12-24T10:06:16","guid":{"rendered":"http:\/\/www.messinaoggi.it\/website\/?p=223429"},"modified":"2024-12-24T11:08:01","modified_gmt":"2024-12-24T10:08:01","slug":"maltempo-diversi-danni-a-messina","status":"publish","type":"post","link":"https:\/\/www.messinaoggi.it\/website\/2024\/12\/24\/maltempo-diversi-danni-a-messina\/","title":{"rendered":"Maltempo, diversi danni a Messina"},"content":{"rendered":"\n<p>Si sapeva che ci sarebbero state a Messina problematiche legate al maltempo. Non appena \u00e8 stato chiaro che la citt\u00e0 sarebbe stata presa di mira da temporali e burrasche di vento, il sindaco <strong>Federico Basile<\/strong> ha fatto diramare l&#8217;allerta, avvertendo di stare attenti in particolare al vento e di non sostare vicino ad alberi, ed evitare proprio di muoversi nella giornata di ieri. Attivato anche il Coc dall&#8217;assessore alla Protezione civile <strong>Massimiliano Minutoli<\/strong>. <div id=\"div-gpt-ad-Messinaoggi.it-DSK-300x250-corpoart\" style=\"text-align:center;margin:0 auto;\"><\/div><\/p>\n\n\n\n<figure class=\"wp-block-image size-large is-resized\"><img loading=\"lazy\" src=\"http:\/\/www.messinaoggi.it\/website\/wp-content\/uploads\/2024\/12\/IMG-20241223-WA0064.jpg\" alt=\"\" class=\"wp-image-223445\" width=\"580\" height=\"334\" srcset=\"https:\/\/www.messinaoggi.it\/website\/wp-content\/uploads\/2024\/12\/IMG-20241223-WA0064.jpg 754w, https:\/\/www.messinaoggi.it\/website\/wp-content\/uploads\/2024\/12\/IMG-20241223-WA0064-300x173.jpg 300w\" sizes=\"(max-width: 580px) 100vw, 580px\" \/><figcaption>Gli effetti del maltempo in Via Garibaldi <\/figcaption><\/figure>\n\n\n\n<p>Oltre a vento e pioggia forte, \u00e8 arrivata la grandine. Un evento inatteso in Sicilia. I problemi maggiori per\u00f2 li hanno dati proprio le forti raffiche di ponente, arrivate fino a 120 km\/h in zona sud. In via Garibaldi grossi rami sono caduti ingombrando la strada. In via degli Orti un albero \u00e8 stato abbattuto dalla forza del vento ed \u00e8 rimasto in bilico. In via Luciano Manara un palo \u00e8 caduto colpendo un\u2019auto in sosta. Situazione molto simile in via Altomonte, nelle adiacenze del carcere di Gazzi, dove due pali della pubblica illuminazione hanno ceduto bloccando la strada. Crolli di alberi anche a Galati e Santa Margherita. <div id=\"videoincontent\" style=\"clear:both\";><\/div><\/p>\n\n\n\n<p>I vigili del fuoco sono intervenuti soprattutto per risolvere situazioni legate ad alberi pericolanti e allagamenti e distacchi d&#8217;intonaco. Anche la Polizia municipale guidata dal comandante <strong>Giovanni Giardina<\/strong> \u00e8 stata impegnata. Un ponteggio pericolante in via dei Mille ha portato a chiudere parte della strada. Ci ha pensato la ditta, ma con la polizia a presidio per evitare il transito anche ai pedoni.<\/p>\n\n\n\n<p>Disagi pure in provincia dove \u00e8 stato chiuso un tratto della strada statale 113 Settentrionale Sicula, in entrambe le direzioni, in localit\u00e0 Gioiosa Marea. Fino a quando non si avranno condizioni meteo favorevoli, sar\u00e0 in atto una deviazione sulla A18 Messina-Catania, con le squadre Anas a monitorare. <\/p>\n","protected":false},"excerpt":{"rendered":"<p>Si sapeva che ci sarebbero state a Messina problematiche legate al maltempo. Non appena \u00e8 stato chiaro che la citt\u00e0 sarebbe stata presa di mira da temporali e burrasche di vento, il sindaco Federico Basile ha fatto diramare l&#8217;allerta, avvertendo di stare attenti in particolare al vento e di non sostare vicino ad alberi, ed [&hellip;]<\/p>\n","protected":false},"author":15,"featured_media":223446,"comment_status":"open","ping_status":"open","sticky":false,"template":"","format":"standard","meta":{"ub_ctt_via":"","_mi_skip_tracking":false},"categories":[5,19],"tags":[11198,11196,4970,1025,5618,2159,4305],"featured_image_src":"https:\/\/www.messinaoggi.it\/website\/wp-content\/uploads\/2024\/12\/IMG-20241223-WA0075.jpg","author_info":{"display_name":"red.me","author_link":"https:\/\/www.messinaoggi.it\/website\/author\/red-me\/"},"digistream_id":0,"digistream":false,"_links":{"self":[{"href":"https:\/\/www.messinaoggi.it\/website\/wp-json\/wp\/v2\/posts\/223429"}],"collection":[{"href":"https:\/\/www.messinaoggi.it\/website\/wp-json\/wp\/v2\/posts"}],"about":[{"href":"https:\/\/www.messinaoggi.it\/website\/wp-json\/wp\/v2\/types\/post"}],"author":[{"embeddable":true,"href":"https:\/\/www.messinaoggi.it\/website\/wp-json\/wp\/v2\/users\/15"}],"replies":[{"embeddable":true,"href":"https:\/\/www.messinaoggi.it\/website\/wp-json\/wp\/v2\/comments?post=223429"}],"version-history":[{"count":9,"href":"https:\/\/www.messinaoggi.it\/website\/wp-json\/wp\/v2\/posts\/223429\/revisions"}],"predecessor-version":[{"id":223448,"href":"https:\/\/www.messinaoggi.it\/website\/wp-json\/wp\/v2\/posts\/223429\/revisions\/223448"}],"wp:featuredmedia":[{"embeddable":true,"href":"https:\/\/www.messinaoggi.it\/website\/wp-json\/wp\/v2\/media\/223446"}],"wp:attachment":[{"href":"https:\/\/www.messinaoggi.it\/website\/wp-json\/wp\/v2\/media?parent=223429"}],"wp:term":[{"taxonomy":"category","embeddable":true,"href":"https:\/\/www.messinaoggi.it\/website\/wp-json\/wp\/v2\/categories?post=223429"},{"taxonomy":"post_tag","embeddable":true,"href":"https:\/\/www.messinaoggi.it\/website\/wp-json\/wp\/v2\/tags?post=223429"}],"curies":[{"name":"wp","href":"https:\/\/api.w.org\/{rel}","templated":true}]}}