{"id":223354,"date":"2024-12-23T14:05:43","date_gmt":"2024-12-23T13:05:43","guid":{"rendered":"https:\/\/www.messinaoggi.it\/website\/2024\/12\/23\/giurati-adolescenti-cercasi-in-tutta-italia-per-sanremo-2025\/"},"modified":"2024-12-23T14:05:43","modified_gmt":"2024-12-23T13:05:43","slug":"giurati-adolescenti-cercasi-in-tutta-italia-per-sanremo-2025","status":"publish","type":"post","link":"https:\/\/www.messinaoggi.it\/website\/2024\/12\/23\/giurati-adolescenti-cercasi-in-tutta-italia-per-sanremo-2025\/","title":{"rendered":"Giurati adolescenti cercasi in tutta Italia per Sanremo 2025"},"content":{"rendered":"<div>ROMA (ITALPRESS) &#8211; Un appello alle ragazze e ai ragazzi di tutte le regioni italiane per far parte de &#8220;La Giuria degli Adolescenti&#8221; a Sanremo 2025. A lanciarlo \u00e8 Radioimmaginaria, la web radio degli adolescenti, che, per il settimo anno consecutivo, coordiner\u00e0 durante il Festival, la prima giuria nazionale composta da ragazze e ragazzi dagli 11 ai 22 anni.<br \/>I giurati, attraverso una piattaforma online, potranno votare ogni sera della gara, i cantanti esprimendosi su &#8220;l&#8217;outfit pi\u00f9 figo, l&#8217;esibizione pi\u00f9 trash e la canzone preferita&#8221;. Il nome del vincitore della Giuria degli Adolescenti verr\u00e0 comunicato prima dell&#8217;annuncio del vincitore ufficiale della 75esima edizione sanremese.<br \/>Nel 2019 ha vinto Ultimo, nel 2020 I Pinguini Tattici Nucleari, nel 2021 i Maneskin, nel 2022 Mahmood e Blanco, nel 2023 Lazza e nel 2024 Angelina Mango con &#8220;La noia&#8221;.<br \/>&#8220;Negli ultimi anni alcuni vincitori secondo &#8220;La Giuria degli Adolescenti&#8221; &#8211; spiegano gli speaker di Radioimmaginaria &#8211; hanno coinciso con quelli ufficiali del Festival e questo fa capire quanto Sanremo si stia avvicinando sempre di pi\u00f9 a noi adolescenti&#8221;.<br \/>&#8220;La Giuria degli Adolescenti&#8221; \u00e8 un&#8217;iniziativa esterna alla classifica effettiva della gara, nata nel 2019, con l&#8217;idea di decretare il vincitore di Sanremo secondo gli adolescenti.<br \/>Per iscriversi alla giuria: giuriadegliadolescenti.it<div id=\"div-gpt-ad-Messinaoggi.it-DSK-300x250-corpoart\" style=\"text-align:center;margin:0 auto;\"><\/div><\/p>\n<p>&#8211; Foto Radioimmaginaria &#8211;<div id=\"videoincontent\" style=\"clear:both\";><\/div><\/p>\n<p>(ITALPRESS).<\/p><\/div>\n","protected":false},"excerpt":{"rendered":"<p>ROMA (ITALPRESS) &#8211; Un appello alle ragazze e ai ragazzi di tutte le regioni italiane per far parte de &#8220;La Giuria degli Adolescenti&#8221; a Sanremo 2025. A lanciarlo \u00e8 Radioimmaginaria, la web radio degli adolescenti, che, per il settimo anno consecutivo, coordiner\u00e0 durante il Festival, la prima giuria nazionale composta da ragazze e ragazzi dagli [&hellip;]<\/p>\n","protected":false},"author":18,"featured_media":223355,"comment_status":"closed","ping_status":"closed","sticky":false,"template":"","format":"standard","meta":{"ub_ctt_via":"","_mi_skip_tracking":false},"categories":[446],"tags":[783],"featured_image_src":"https:\/\/www.messinaoggi.it\/website\/wp-content\/uploads\/2024\/12\/20241223_0368.jpg","author_info":{"display_name":"Admin","author_link":"https:\/\/www.messinaoggi.it\/website\/author\/admin\/"},"digistream_id":0,"digistream":false,"_links":{"self":[{"href":"https:\/\/www.messinaoggi.it\/website\/wp-json\/wp\/v2\/posts\/223354"}],"collection":[{"href":"https:\/\/www.messinaoggi.it\/website\/wp-json\/wp\/v2\/posts"}],"about":[{"href":"https:\/\/www.messinaoggi.it\/website\/wp-json\/wp\/v2\/types\/post"}],"author":[{"embeddable":true,"href":"https:\/\/www.messinaoggi.it\/website\/wp-json\/wp\/v2\/users\/18"}],"replies":[{"embeddable":true,"href":"https:\/\/www.messinaoggi.it\/website\/wp-json\/wp\/v2\/comments?post=223354"}],"version-history":[{"count":0,"href":"https:\/\/www.messinaoggi.it\/website\/wp-json\/wp\/v2\/posts\/223354\/revisions"}],"wp:featuredmedia":[{"embeddable":true,"href":"https:\/\/www.messinaoggi.it\/website\/wp-json\/wp\/v2\/media\/223355"}],"wp:attachment":[{"href":"https:\/\/www.messinaoggi.it\/website\/wp-json\/wp\/v2\/media?parent=223354"}],"wp:term":[{"taxonomy":"category","embeddable":true,"href":"https:\/\/www.messinaoggi.it\/website\/wp-json\/wp\/v2\/categories?post=223354"},{"taxonomy":"post_tag","embeddable":true,"href":"https:\/\/www.messinaoggi.it\/website\/wp-json\/wp\/v2\/tags?post=223354"}],"curies":[{"name":"wp","href":"https:\/\/api.w.org\/{rel}","templated":true}]}}