{"id":223352,"date":"2024-12-23T14:05:41","date_gmt":"2024-12-23T13:05:41","guid":{"rendered":"https:\/\/www.messinaoggi.it\/website\/2024\/12\/23\/barelli-tanti-giovani-azzurri-lavoriamo-per-confermarci\/"},"modified":"2024-12-23T14:05:41","modified_gmt":"2024-12-23T13:05:41","slug":"barelli-tanti-giovani-azzurri-lavoriamo-per-confermarci","status":"publish","type":"post","link":"https:\/\/www.messinaoggi.it\/website\/2024\/12\/23\/barelli-tanti-giovani-azzurri-lavoriamo-per-confermarci\/","title":{"rendered":"Barelli \u201cTanti giovani azzurri, lavoriamo per confermarci\u201d"},"content":{"rendered":"<div>ROMA (ITALPRESS) &#8211; &#8220;Coi Mondiali in vasca corta si \u00e8 aperto il nuovo quadriennio ed \u00e8 stata l&#8217;occasione per integrare nella squadra nazionale giovani emergenti che hanno dimostrato la qualit\u00e0 e profondit\u00e0 del movimento. Pur senza nostri campioni affermati come Paltrinieri, Ceccon e Martinenghi, impegnati in una ripresa pi\u00f9 graduale dopo le Olimpiadi di Parigi, la squadra ha dimostrato di avere le potenzialit\u00e0 per continuare a crescere in risultati e prestazioni&#8221;. Il presidente della Federazione Italiana Nuoto, Paolo Barelli, coglie pi\u00f9 di un segnale positivo dalla rassegna iridata di Budapest appena conclusa, ultimo atto del 2024 e primo di un 2025 che apre, di fatto, la corsa verso Los Angeles 2028. &#8220;Tutto ci\u00f2 nasce grazie alle sinergie poste in atto dalla Federazione con le societ\u00e0 che alimentano il numero dei tesserati e formano i giovani atleti che poi arrivano in nazionale dopo aver superato molteplici obiettivi che ne accrescono l&#8217;esperienza, come i campionati regionali e poi nazionali giovanili ed assoluti &#8211; sottolinea il numero uno della Federnuoto in un&#8217;intervista all&#8217;Italpress &#8211; Giunti nella sfera di interesse nazionale \u00e8 poi nostro onere e onore doverne gestire l&#8217;ulteriore crescita. La formazione continua dei tecnici, l&#8217;investimento nei centri federali, che consentono agli enti locali di garantire l&#8217;accesso a piscine altrimenti destinate alla chiusura o ad attivit\u00e0 parziali, sono ulteriori punti di forza della progettualit\u00e0 federale che ormai da vent&#8217;anni assicura ricambio generazionale e continuit\u00e0 di successi&#8221;. Le Olimpiadi di Parigi hanno dimostrato la forza e lo spessore del nuoto italiano, che legittimamente aspira ad essere protagonista anche ai prossimi Giochi americani: &#8220;Le Olimpiadi di Parigi hanno espresso la nostra forza; sei medaglie sono tante, nessun&#8217;altra federazione le ha conquistate. Peraltro con sette quarti posti e altre 12 presenze in finale. Sarebbero potute quindi essere ancora di pi\u00f9 e chiss\u00e0 dove sarebbero potuti arrivare i nostri ragazzi della pallanuoto senza quel grossolano errore tecnico che da sportivi dobbiamo accettare, ma che non per questo riusciremo mai a giustificare. Abbiamo portato tutte le nostre discipline ai Giochi con un percorso pieno di successi; lavoriamo per confermarci, come i prestigiosi risultati delle nostre squadre nazionale giovanili dimostrano, ma anche il mondo sta crescendo. Quindi sar\u00e0 sempre pi\u00f9 difficile confermarsi dopo le otto medaglie di Rio de Janeiro 2016 e le sette di Tokyo 2021&#8221;. Sarebbe sbagliato individuare dei simboli, al maschile e al femminile, del nuoto italiano di questa stagione appena terminata: &#8220;Non desidero parlare dei singoli, ma del collettivo. I campioni sono solo la massima espressione di un movimento sostenuto dalle societ\u00e0. Loro sono simboli della quotidianit\u00e0, dei sacrifici dei dirigenti che sono riusciti a superare uno dei periodi socioeconomici pi\u00f9 difficili della storia sportiva del nostro paese a causa del Covid e dell&#8217;imponente aumento dei costi energetici. Primeggiare negli sport acquatici \u00e8 molto difficile  sia per la concorrenza mondiale, sia perch\u00e8 gli impianti natatori, prevalentemente mono-disciplinari, richiedono importanti risorse destinate a funzionamento e manutenzione. Per essere competitivi dobbiamo garantire l&#8217;accesso dei giovani nelle piscine. Per favorire tutto ci\u00f2 bisogna abbattere i costi di gestione, sviluppando una maggiore sensibilit\u00e0 verso la sostenibilit\u00e0 ambientale e promuovendo la ricerca di soluzioni volte all&#8217;efficientamento energetico. Inoltre la Federazione sente anche di essere responsabile del benessere sociale perch\u00e8 sa che pratica motoria significa minore spesa sanitaria e soprattutto sa che insegnare a nuotare, peraltro in un Paese peninsulare, salva la vita, la propria e quella degli altri&#8221;. Barelli, oltre ad essere presidente della Fin, \u00e8 anche capogruppo di Forza Italia alla Camera. Per quanto concerne il contributo del Governo per lo sport, Barelli ammette che &#8220;questo Governo sta facendo moltissimo, seppur sia del parere che si debba e si possa fare sempre di pi\u00f9. Si \u00e8 prodigato per individuare risorse e strumenti a favore delle societ\u00e0 sportive, che meritano di essere sempre sostenute, soprattutto in questa lunga fase emergenziale; per ottimizzare la riforma dello sport e la gestione delle nuove normative sull&#8217;IVA; ha traghettato la parola Sport nella Costituzione riconoscendone il valore educativo, sociale e di promozione del benessere psicofisico in tutte le sue forme. Sta  lavorando con le istituzioni preposte per avvicinare la scuola allo sport e rinforzare il ruolo determinante delle societ\u00e0 sportive che ne assicurano lo sviluppo sul territorio. Io continuer\u00f2 ad impegnarmi &#8211; conclude &#8211; affinch\u00e8 nella coalizione di Governo continui a prevalere la dovuta sensibilit\u00e0 per rispondere alle necessit\u00e0 e alle istanze delle societ\u00e0 senza le quali non ci sarebbe sport in Italia&#8221;.<br \/>&#8211; Foto Ipa Agency &#8211;<br \/>(ITALPRESS).<\/div>\n<div id=\"div-gpt-ad-Messinaoggi.it-DSK-300x250-corpoart\" style=\"text-align:center;margin:0 auto;\"><\/div><\/p><div id=\"videoincontent\" style=\"clear:both\";><\/div>","protected":false},"excerpt":{"rendered":"<p>ROMA (ITALPRESS) &#8211; &#8220;Coi Mondiali in vasca corta si \u00e8 aperto il nuovo quadriennio ed \u00e8 stata l&#8217;occasione per integrare nella squadra nazionale giovani emergenti che hanno dimostrato la qualit\u00e0 e profondit\u00e0 del movimento. Pur senza nostri campioni affermati come Paltrinieri, Ceccon e Martinenghi, impegnati in una ripresa pi\u00f9 graduale dopo le Olimpiadi di Parigi, [&hellip;]<\/p>\n","protected":false},"author":18,"featured_media":223353,"comment_status":"closed","ping_status":"closed","sticky":false,"template":"","format":"standard","meta":{"ub_ctt_via":"","_mi_skip_tracking":false},"categories":[446],"tags":[783],"featured_image_src":"https:\/\/www.messinaoggi.it\/website\/wp-content\/uploads\/2024\/12\/20241223_0353.jpg","author_info":{"display_name":"Admin","author_link":"https:\/\/www.messinaoggi.it\/website\/author\/admin\/"},"digistream_id":0,"digistream":false,"_links":{"self":[{"href":"https:\/\/www.messinaoggi.it\/website\/wp-json\/wp\/v2\/posts\/223352"}],"collection":[{"href":"https:\/\/www.messinaoggi.it\/website\/wp-json\/wp\/v2\/posts"}],"about":[{"href":"https:\/\/www.messinaoggi.it\/website\/wp-json\/wp\/v2\/types\/post"}],"author":[{"embeddable":true,"href":"https:\/\/www.messinaoggi.it\/website\/wp-json\/wp\/v2\/users\/18"}],"replies":[{"embeddable":true,"href":"https:\/\/www.messinaoggi.it\/website\/wp-json\/wp\/v2\/comments?post=223352"}],"version-history":[{"count":0,"href":"https:\/\/www.messinaoggi.it\/website\/wp-json\/wp\/v2\/posts\/223352\/revisions"}],"wp:featuredmedia":[{"embeddable":true,"href":"https:\/\/www.messinaoggi.it\/website\/wp-json\/wp\/v2\/media\/223353"}],"wp:attachment":[{"href":"https:\/\/www.messinaoggi.it\/website\/wp-json\/wp\/v2\/media?parent=223352"}],"wp:term":[{"taxonomy":"category","embeddable":true,"href":"https:\/\/www.messinaoggi.it\/website\/wp-json\/wp\/v2\/categories?post=223352"},{"taxonomy":"post_tag","embeddable":true,"href":"https:\/\/www.messinaoggi.it\/website\/wp-json\/wp\/v2\/tags?post=223352"}],"curies":[{"name":"wp","href":"https:\/\/api.w.org\/{rel}","templated":true}]}}