{"id":223327,"date":"2024-12-23T10:24:50","date_gmt":"2024-12-23T09:24:50","guid":{"rendered":"http:\/\/www.messinaoggi.it\/website\/?p=223327"},"modified":"2024-12-23T10:24:57","modified_gmt":"2024-12-23T09:24:57","slug":"inaugurazione-anno-accademico-unime-ci-sara-mattarella","status":"publish","type":"post","link":"https:\/\/www.messinaoggi.it\/website\/2024\/12\/23\/inaugurazione-anno-accademico-unime-ci-sara-mattarella\/","title":{"rendered":"Inaugurazione anno accademico Unime, ci sar\u00e0 Mattarella"},"content":{"rendered":"\n<p>Alla cerimonia di inaugurazione dell\u2019anno accademico dell&#8217;Universit\u00e0 degli studi di Messina, mercoled\u00ec 22 gennaio, sar\u00e0 ospite il Presidente della Repubblica, Sergio Mattarella.<div id=\"div-gpt-ad-Messinaoggi.it-DSK-300x250-corpoart\" style=\"text-align:center;margin:0 auto;\"><\/div><\/p>\n\n\n\n<p>&#8220;Stiamo lavorando a un programma articolato, cos\u00ec che la presenza del Capo dello Stato possa costituire anche lo spunto per un momento di approfondimento, confronto e riflessione. L\u2019evento sar\u00e0 inserito all\u2019interno delle iniziative celebrative per il 70\u00b0 Anniversario della \u201cConferenza di Messina\u201d, che inizieranno il 20 gennaio. Sar\u00e0 l\u2019occasione per ribadire la vocazione europeista e comunitaria del nostro Ateneo e, pi\u00f9 in generale, dell\u2019intero territorio, richiamando quello spirito che anim\u00f2 i padri fondatori dell\u2019UE e da cui, oggi pi\u00f9 che mai, occorre trarre ispirazione per affrontare tutti insieme le sfide contemporanee.Il 21 gennaio ricorderemo, tra l\u2019altro, la figura di un grande messinese come Gaetano Martino, protagonista di quella Conferenza e il cui impegno, tanto sul fronte scientifico, quanto nella dimensione politica, costituisce un autentico esempio&#8221; spiega la rettrice <strong>Giovanna Spatari<\/strong>.<div id=\"videoincontent\" style=\"clear:both\";><\/div><\/p>\n\n\n\n<p>Durante l\u2019inaugurazione dell\u2019anno accademico verr\u00e0 anche conferito il dottorato honoris causa in \u201cScienze delle Pubbliche Amministrazioni\u201d al Presidente. <\/p>\n\n\n\n<p>&#8220;Si tratta di un riconoscimento dovuto, nei confronti della massima carica dello Stato e della persona: il suo spessore istituzionale e la sua storia di vita incarnano, infatti, quel valore assoluto di democrazia che deve indiscutibilmente rappresentare anche la pietra angolare che regge la nostra azione di formazione e ricerca&#8221; evidenzia Sparari.<\/p>\n","protected":false},"excerpt":{"rendered":"<p>Alla cerimonia di inaugurazione dell\u2019anno accademico dell&#8217;Universit\u00e0 degli studi di Messina, mercoled\u00ec 22 gennaio, sar\u00e0 ospite il Presidente della Repubblica, Sergio Mattarella. &#8220;Stiamo lavorando a un programma articolato, cos\u00ec che la presenza del Capo dello Stato possa costituire anche lo spunto per un momento di approfondimento, confronto e riflessione. L\u2019evento sar\u00e0 inserito all\u2019interno delle iniziative [&hellip;]<\/p>\n","protected":false},"author":15,"featured_media":159278,"comment_status":"open","ping_status":"open","sticky":false,"template":"","format":"standard","meta":{"ub_ctt_via":"","_mi_skip_tracking":false},"categories":[5,6],"tags":[8626,4056,3890,2562,814],"featured_image_src":"https:\/\/www.messinaoggi.it\/website\/wp-content\/uploads\/2023\/06\/20230615_0150.jpg","author_info":{"display_name":"red.me","author_link":"https:\/\/www.messinaoggi.it\/website\/author\/red-me\/"},"digistream_id":0,"digistream":false,"_links":{"self":[{"href":"https:\/\/www.messinaoggi.it\/website\/wp-json\/wp\/v2\/posts\/223327"}],"collection":[{"href":"https:\/\/www.messinaoggi.it\/website\/wp-json\/wp\/v2\/posts"}],"about":[{"href":"https:\/\/www.messinaoggi.it\/website\/wp-json\/wp\/v2\/types\/post"}],"author":[{"embeddable":true,"href":"https:\/\/www.messinaoggi.it\/website\/wp-json\/wp\/v2\/users\/15"}],"replies":[{"embeddable":true,"href":"https:\/\/www.messinaoggi.it\/website\/wp-json\/wp\/v2\/comments?post=223327"}],"version-history":[{"count":2,"href":"https:\/\/www.messinaoggi.it\/website\/wp-json\/wp\/v2\/posts\/223327\/revisions"}],"predecessor-version":[{"id":223329,"href":"https:\/\/www.messinaoggi.it\/website\/wp-json\/wp\/v2\/posts\/223327\/revisions\/223329"}],"wp:featuredmedia":[{"embeddable":true,"href":"https:\/\/www.messinaoggi.it\/website\/wp-json\/wp\/v2\/media\/159278"}],"wp:attachment":[{"href":"https:\/\/www.messinaoggi.it\/website\/wp-json\/wp\/v2\/media?parent=223327"}],"wp:term":[{"taxonomy":"category","embeddable":true,"href":"https:\/\/www.messinaoggi.it\/website\/wp-json\/wp\/v2\/categories?post=223327"},{"taxonomy":"post_tag","embeddable":true,"href":"https:\/\/www.messinaoggi.it\/website\/wp-json\/wp\/v2\/tags?post=223327"}],"curies":[{"name":"wp","href":"https:\/\/api.w.org\/{rel}","templated":true}]}}