{"id":223320,"date":"2024-12-23T10:03:02","date_gmt":"2024-12-23T09:03:02","guid":{"rendered":"http:\/\/www.messinaoggi.it\/website\/?p=223320"},"modified":"2024-12-23T10:06:16","modified_gmt":"2024-12-23T09:06:16","slug":"asp-messina-morbillo-aumento-dei-casi-nel-2024-appello-alla-vaccinazione","status":"publish","type":"post","link":"https:\/\/www.messinaoggi.it\/website\/2024\/12\/23\/asp-messina-morbillo-aumento-dei-casi-nel-2024-appello-alla-vaccinazione\/","title":{"rendered":"Asp Messina, morbillo: &#8220;Aumento dei casi nel 2024, appello alla vaccinazione&#8221;"},"content":{"rendered":"\n<p><strong>Salvatore Sidoti<\/strong>, Direttore del Servizio Prevenzione Epidemiologica e Medicina Preventiva dell\u2019Asp di Messina, fa il punto sulla situazione relativa all&#8217;aumento di casi di morbillo che si sta registrando ultimamente.<div id=\"div-gpt-ad-Messinaoggi.it-DSK-300x250-corpoart\" style=\"text-align:center;margin:0 auto;\"><\/div><\/p>\n\n\n\n<p>\u201cDal 1\u00b0 gennaio 2024 al 30 novembre 2024, in Italia sono stati notificati 991 casi di morbillo, di cui 907 confermati in laboratorio (91,5%), 30 probabili e 54 possibili. Di questi, 71 casi (7,2%) risultano importati. Sono 18 le Regioni e Province Autonome che hanno segnalato casi, con otto Regioni, tra cui la Sicilia, che hanno registrato l&#8217;86,2% del totale dei casi (854 su 991). A livello nazionale, l&#8217;incidenza \u00e8 pari a 18,3 casi per milione di abitanti, mentre in Sicilia si attesta a 35,3 casi per milione. Nella provincia di Messina, sono stati segnalati 33 casi di morbillo dall&#8217;inizio dell&#8217;anno, con un trend in crescita dal mese di ottobre, con una prevalenza nella zona ionica della provincia\u201d. <div id=\"videoincontent\" style=\"clear:both\";><\/div><\/p>\n\n\n\n<p>\u201cDi questi, 26 casi &#8211; ha aggiunto Sidoti &#8211; riguardano soggetti non vaccinati, di et\u00e0 compresa tra i 7 mesi e i 56 anni. Sono stati registrati anche tre casi di cui non era noto lo stato vaccinale, due casi che avevano invece ricevuto una sola dose di vaccino e solo un caso che aveva effettuato entrambe le dosi. L\u2019et\u00e0 mediana dei casi \u00e8 di 12 anni, con quasi la met\u00e0 (42%) che riguarda bambini tra i 7 mesi e i 7 anni non vaccinati, fascia d\u2019et\u00e0 per la quale dal 2017 \u00e8 prevista la vaccinazione obbligatoria. Solo nel mese di dicembre sono stati segnalati 12 casi, con un possibile incremento esponenziale nelle prossime settimane\u201d. <\/p>\n\n\n\n<figure class=\"wp-block-image size-large\"><img loading=\"lazy\" width=\"1024\" height=\"768\" src=\"http:\/\/www.messinaoggi.it\/website\/wp-content\/uploads\/2024\/12\/IMG-20241223-WA0002-1024x768.jpg\" alt=\"\" class=\"wp-image-223323\" srcset=\"https:\/\/www.messinaoggi.it\/website\/wp-content\/uploads\/2024\/12\/IMG-20241223-WA0002-1024x768.jpg 1024w, https:\/\/www.messinaoggi.it\/website\/wp-content\/uploads\/2024\/12\/IMG-20241223-WA0002-300x225.jpg 300w, https:\/\/www.messinaoggi.it\/website\/wp-content\/uploads\/2024\/12\/IMG-20241223-WA0002-768x576.jpg 768w, https:\/\/www.messinaoggi.it\/website\/wp-content\/uploads\/2024\/12\/IMG-20241223-WA0002-1536x1152.jpg 1536w, https:\/\/www.messinaoggi.it\/website\/wp-content\/uploads\/2024\/12\/IMG-20241223-WA0002.jpg 2048w\" sizes=\"(max-width: 1024px) 100vw, 1024px\" \/><figcaption>Salvatore Sidoti<\/figcaption><\/figure>\n\n\n\n<p>Storicamente, il morbillo in Italia ha seguito un andamento ciclico, con picchi epidemici elevati tra gli anni &#8217;70 e &#8217;90, che si sono progressivamente ridotti grazie all\u2019aumento delle coperture vaccinali, in particolare a partire dal 1997, quando si \u00e8 allungato l\u2019intervallo tra un&#8217;epidemia e l\u2019altra. Tuttavia, la malattia continua a circolare nel Paese e, periodicamente, si verificano epidemie. Il morbillo non \u00e8 una malattia da sottovalutare: tra le complicanze pi\u00f9 frequentemente riportate a livello nazionale dall&#8217;inizio dell\u2019anno ci sono epatite, con aumento delle transaminasi (149 casi) e polmonite (109 casi). \u00c8 stato anche segnalato un caso di encefalite in un giovane adulto non vaccinato. <\/p>\n\n\n\n<p>\u201cIn questo contesto, &#8211; spiega Salvatore Sidoti, responsabile Spem &#8211; si rivolge un forte invito alla popolazione per effettuare la vaccinazione contro il morbillo, che \u00e8 gratuita e disponibile presso i Centri Vaccinali Asp della provincia.  La vaccinazione rappresenta l&#8217;unico strumento efficace per prevenire il morbillo e le sue gravi complicanze. \u00c8 fondamentale che  &#8220;Invitiamo tutti i professionisti a sensibilizzare le famiglie sull&#8217;importanza di completare il ciclo vaccinale. Ogni dose di vaccino rappresenta un passo verso la sicurezza dei nostri bambini e della comunit\u00e0 nel suo complesso. La vaccinazione \u00e8 un&#8217;arma efficace e sicura per prevenire malattie gravi e per garantire un futuro pi\u00f9 sano. Infine, ha concluso: &#8220;Facciamo appello a tutti i medici affinch\u00e9 promuovano attivamente la vaccinazione, fornendo informazioni chiare e supporto alle famiglie, affinch\u00e9 possano prendere decisioni consapevoli per la salute dei loro figli&#8221;.<\/p>\n","protected":false},"excerpt":{"rendered":"<p>Salvatore Sidoti, Direttore del Servizio Prevenzione Epidemiologica e Medicina Preventiva dell\u2019Asp di Messina, fa il punto sulla situazione relativa all&#8217;aumento di casi di morbillo che si sta registrando ultimamente. \u201cDal 1\u00b0 gennaio 2024 al 30 novembre 2024, in Italia sono stati notificati 991 casi di morbillo, di cui 907 confermati in laboratorio (91,5%), 30 probabili [&hellip;]<\/p>\n","protected":false},"author":15,"featured_media":223324,"comment_status":"open","ping_status":"open","sticky":false,"template":"","format":"standard","meta":{"ub_ctt_via":"","_mi_skip_tracking":false},"categories":[5,6],"tags":[40,11191,11190,569],"featured_image_src":"https:\/\/www.messinaoggi.it\/website\/wp-content\/uploads\/2024\/12\/IMG-20241223-WA0003.jpg","author_info":{"display_name":"red.me","author_link":"https:\/\/www.messinaoggi.it\/website\/author\/red-me\/"},"digistream_id":0,"digistream":false,"_links":{"self":[{"href":"https:\/\/www.messinaoggi.it\/website\/wp-json\/wp\/v2\/posts\/223320"}],"collection":[{"href":"https:\/\/www.messinaoggi.it\/website\/wp-json\/wp\/v2\/posts"}],"about":[{"href":"https:\/\/www.messinaoggi.it\/website\/wp-json\/wp\/v2\/types\/post"}],"author":[{"embeddable":true,"href":"https:\/\/www.messinaoggi.it\/website\/wp-json\/wp\/v2\/users\/15"}],"replies":[{"embeddable":true,"href":"https:\/\/www.messinaoggi.it\/website\/wp-json\/wp\/v2\/comments?post=223320"}],"version-history":[{"count":3,"href":"https:\/\/www.messinaoggi.it\/website\/wp-json\/wp\/v2\/posts\/223320\/revisions"}],"predecessor-version":[{"id":223325,"href":"https:\/\/www.messinaoggi.it\/website\/wp-json\/wp\/v2\/posts\/223320\/revisions\/223325"}],"wp:featuredmedia":[{"embeddable":true,"href":"https:\/\/www.messinaoggi.it\/website\/wp-json\/wp\/v2\/media\/223324"}],"wp:attachment":[{"href":"https:\/\/www.messinaoggi.it\/website\/wp-json\/wp\/v2\/media?parent=223320"}],"wp:term":[{"taxonomy":"category","embeddable":true,"href":"https:\/\/www.messinaoggi.it\/website\/wp-json\/wp\/v2\/categories?post=223320"},{"taxonomy":"post_tag","embeddable":true,"href":"https:\/\/www.messinaoggi.it\/website\/wp-json\/wp\/v2\/tags?post=223320"}],"curies":[{"name":"wp","href":"https:\/\/api.w.org\/{rel}","templated":true}]}}