{"id":223297,"date":"2024-12-22T16:05:44","date_gmt":"2024-12-22T15:05:44","guid":{"rendered":"https:\/\/www.messinaoggi.it\/website\/2024\/12\/22\/papa-cessi-il-fuoco-su-fronti-di-guerra-quanta-crudelta-a-gaza\/"},"modified":"2024-12-22T16:05:44","modified_gmt":"2024-12-22T15:05:44","slug":"papa-cessi-il-fuoco-su-fronti-di-guerra-quanta-crudelta-a-gaza","status":"publish","type":"post","link":"https:\/\/www.messinaoggi.it\/website\/2024\/12\/22\/papa-cessi-il-fuoco-su-fronti-di-guerra-quanta-crudelta-a-gaza\/","title":{"rendered":"Papa \u201cCessi il fuoco su fronti di guerra, quanta crudelt\u00e0 a Gaza\u201d"},"content":{"rendered":"<div>ROMA (ITALPRESS) &#8211; &#8220;Seguo sempre con attenzione e preoccupazione le notizie che giungono dal Mozambico e desidero rinnovare a quell&#8217;amato popolo il mio messaggio di speranza, di pace e riconciliazione. Prego affinch\u00e8 il dialogo e la ricerca del bene comune, sostenute dalla fede e dalla buona volont\u00e0, prevalgano sulla sfiducia e sulla discordia&#8221;. Cos\u00ec Papa Francesco al termine dell&#8217;Angelus, questa volta recitato da Santa Marta invece di affacciarsi come di consueto dal Palazzo Apostolico su San Pietro, a causa del freddo di questi giorni e alcuni sintomi di un raffreddore del Pontefice. &#8220;La martoriata Ucraina continua a essere colpita da attacchi contro le citt\u00e0 che a volte danneggiano scuole, chiese e ospedali. Tacciano le armi e risuonino i canti natalizi&#8221;, ha aggiunto. &#8220;Preghiamo perch\u00e8 a Natale possa cessare il fuoco su tutti i fronti di guerra: in Terra Santa, in Ucraina, in tutto il Medio Oriente e nel mondo intero. Con dolore penso a Gaza, a tanta crudelt\u00e0, ai bambini mitragliati, ai bombardamenti di scuole e di ospedali. Quanta crudelt\u00e0&#8221;, ha chiosato il Santo Padre.<br \/>\n(ITALPRESS).<br \/>\n-Foto: Agenzia Fotogramma-<\/div>\n<div id=\"div-gpt-ad-Messinaoggi.it-DSK-300x250-corpoart\" style=\"text-align:center;margin:0 auto;\"><\/div><\/p><div id=\"videoincontent\" style=\"clear:both\";><\/div>","protected":false},"excerpt":{"rendered":"<p>ROMA (ITALPRESS) &#8211; &#8220;Seguo sempre con attenzione e preoccupazione le notizie che giungono dal Mozambico e desidero rinnovare a quell&#8217;amato popolo il mio messaggio di speranza, di pace e riconciliazione. Prego affinch\u00e8 il dialogo e la ricerca del bene comune, sostenute dalla fede e dalla buona volont\u00e0, prevalgano sulla sfiducia e sulla discordia&#8221;. Cos\u00ec Papa [&hellip;]<\/p>\n","protected":false},"author":18,"featured_media":223298,"comment_status":"closed","ping_status":"closed","sticky":false,"template":"","format":"standard","meta":{"ub_ctt_via":"","_mi_skip_tracking":false},"categories":[446],"tags":[783],"featured_image_src":"https:\/\/www.messinaoggi.it\/website\/wp-content\/uploads\/2024\/12\/20241222_0195.jpg","author_info":{"display_name":"Admin","author_link":"https:\/\/www.messinaoggi.it\/website\/author\/admin\/"},"digistream_id":0,"digistream":false,"_links":{"self":[{"href":"https:\/\/www.messinaoggi.it\/website\/wp-json\/wp\/v2\/posts\/223297"}],"collection":[{"href":"https:\/\/www.messinaoggi.it\/website\/wp-json\/wp\/v2\/posts"}],"about":[{"href":"https:\/\/www.messinaoggi.it\/website\/wp-json\/wp\/v2\/types\/post"}],"author":[{"embeddable":true,"href":"https:\/\/www.messinaoggi.it\/website\/wp-json\/wp\/v2\/users\/18"}],"replies":[{"embeddable":true,"href":"https:\/\/www.messinaoggi.it\/website\/wp-json\/wp\/v2\/comments?post=223297"}],"version-history":[{"count":0,"href":"https:\/\/www.messinaoggi.it\/website\/wp-json\/wp\/v2\/posts\/223297\/revisions"}],"wp:featuredmedia":[{"embeddable":true,"href":"https:\/\/www.messinaoggi.it\/website\/wp-json\/wp\/v2\/media\/223298"}],"wp:attachment":[{"href":"https:\/\/www.messinaoggi.it\/website\/wp-json\/wp\/v2\/media?parent=223297"}],"wp:term":[{"taxonomy":"category","embeddable":true,"href":"https:\/\/www.messinaoggi.it\/website\/wp-json\/wp\/v2\/categories?post=223297"},{"taxonomy":"post_tag","embeddable":true,"href":"https:\/\/www.messinaoggi.it\/website\/wp-json\/wp\/v2\/tags?post=223297"}],"curies":[{"name":"wp","href":"https:\/\/api.w.org\/{rel}","templated":true}]}}