{"id":223293,"date":"2024-12-22T12:05:43","date_gmt":"2024-12-22T11:05:43","guid":{"rendered":"https:\/\/www.messinaoggi.it\/website\/2024\/12\/22\/ue-meloni-vogliamo-difendere-i-nostri-confini-esterni\/"},"modified":"2024-12-22T12:05:43","modified_gmt":"2024-12-22T11:05:43","slug":"ue-meloni-vogliamo-difendere-i-nostri-confini-esterni","status":"publish","type":"post","link":"https:\/\/www.messinaoggi.it\/website\/2024\/12\/22\/ue-meloni-vogliamo-difendere-i-nostri-confini-esterni\/","title":{"rendered":"Ue, Meloni \u201cVogliamo difendere i nostri confini esterni\u201d"},"content":{"rendered":"<div>ROMA (ITALPRESS) &#8211; &#8220;Il fatto che queste nazioni sono qui insieme a parlare di come affrontare le questioni principali, mostra che abbiamo capito che il mondo \u00e8 cambiato e ora possiamo affrontare le sfide che abbiamo davanti. Questa iniziativa \u00e8 molto preziosa e dovremmo ripeterla in futuro. Ci sono diverse sfide per l&#8217;Ue, ma due in particolare. Una \u00e8 la sicurezza dei cittadini e la difesa. Dobbiamo fare tutti di pi\u00f9 per garantire che il pilastro della Nato si rafforzi perch\u00e8 resta la pietra miliare della sicurezza e della difesa. Dobbiamo essere capaci non solo di guardare al fianco orientale, ma anche ad altri luoghi&#8221;. Cos\u00ec la presidente del Consiglio, Giorgia Meloni, nel corso della conferenza stampa finale al vertice Nord-Sud a Saariselka in Lapponia. &#8220;Sicurezza \u00e8 anche altro e significa una politica di cooperazione pi\u00f9 efficace. Poi &#8211; ha aggiunto la premier &#8211; c&#8217;\u00e8 la questione dell&#8217;immigrazione che forse ha portato a un dibattito che secondo me non era giusto. Molti usano l&#8217;immigrazione come uno strumento di estorsione. Noi vogliamo difendere i nostri confini esterni e non vogliamo permetere a chi, come la Russia o alle organizzazioni criminali, vuole minare la nostra sicurezzza&#8221;.<br \/>(ITALPRESS).<br \/>-Foto: Palazzo Chigi-<\/div>\n<div id=\"div-gpt-ad-Messinaoggi.it-DSK-300x250-corpoart\" style=\"text-align:center;margin:0 auto;\"><\/div><\/p><div id=\"videoincontent\" style=\"clear:both\";><\/div>","protected":false},"excerpt":{"rendered":"<p>ROMA (ITALPRESS) &#8211; &#8220;Il fatto che queste nazioni sono qui insieme a parlare di come affrontare le questioni principali, mostra che abbiamo capito che il mondo \u00e8 cambiato e ora possiamo affrontare le sfide che abbiamo davanti. Questa iniziativa \u00e8 molto preziosa e dovremmo ripeterla in futuro. Ci sono diverse sfide per l&#8217;Ue, ma due [&hellip;]<\/p>\n","protected":false},"author":18,"featured_media":223294,"comment_status":"closed","ping_status":"closed","sticky":false,"template":"","format":"standard","meta":{"ub_ctt_via":"","_mi_skip_tracking":false},"categories":[446],"tags":[783],"featured_image_src":"https:\/\/www.messinaoggi.it\/website\/wp-content\/uploads\/2024\/12\/20241222_0099.jpg","author_info":{"display_name":"Admin","author_link":"https:\/\/www.messinaoggi.it\/website\/author\/admin\/"},"digistream_id":0,"digistream":false,"_links":{"self":[{"href":"https:\/\/www.messinaoggi.it\/website\/wp-json\/wp\/v2\/posts\/223293"}],"collection":[{"href":"https:\/\/www.messinaoggi.it\/website\/wp-json\/wp\/v2\/posts"}],"about":[{"href":"https:\/\/www.messinaoggi.it\/website\/wp-json\/wp\/v2\/types\/post"}],"author":[{"embeddable":true,"href":"https:\/\/www.messinaoggi.it\/website\/wp-json\/wp\/v2\/users\/18"}],"replies":[{"embeddable":true,"href":"https:\/\/www.messinaoggi.it\/website\/wp-json\/wp\/v2\/comments?post=223293"}],"version-history":[{"count":0,"href":"https:\/\/www.messinaoggi.it\/website\/wp-json\/wp\/v2\/posts\/223293\/revisions"}],"wp:featuredmedia":[{"embeddable":true,"href":"https:\/\/www.messinaoggi.it\/website\/wp-json\/wp\/v2\/media\/223294"}],"wp:attachment":[{"href":"https:\/\/www.messinaoggi.it\/website\/wp-json\/wp\/v2\/media?parent=223293"}],"wp:term":[{"taxonomy":"category","embeddable":true,"href":"https:\/\/www.messinaoggi.it\/website\/wp-json\/wp\/v2\/categories?post=223293"},{"taxonomy":"post_tag","embeddable":true,"href":"https:\/\/www.messinaoggi.it\/website\/wp-json\/wp\/v2\/tags?post=223293"}],"curies":[{"name":"wp","href":"https:\/\/api.w.org\/{rel}","templated":true}]}}