{"id":223291,"date":"2024-12-22T12:05:40","date_gmt":"2024-12-22T11:05:40","guid":{"rendered":"https:\/\/www.messinaoggi.it\/website\/2024\/12\/22\/nordio-bisogna-pensare-a-risarcire-gli-errori-dei-pm\/"},"modified":"2024-12-22T12:05:40","modified_gmt":"2024-12-22T11:05:40","slug":"nordio-bisogna-pensare-a-risarcire-gli-errori-dei-pm","status":"publish","type":"post","link":"https:\/\/www.messinaoggi.it\/website\/2024\/12\/22\/nordio-bisogna-pensare-a-risarcire-gli-errori-dei-pm\/","title":{"rendered":"Nordio \u201cBisogna pensare a risarcire gli errori dei pm\u201d"},"content":{"rendered":"<div>ROMA (ITALPRESS) &#8211; &#8220;Bisogner\u00e0 pur pensare a risarcire le persone che finiscono nella graticola giudiziaria per anni, perdendo la salute, i risparmi, e magari il posto di lavoro, perch\u00e8 qualche pm non ha riflettuto sulle conseguenze della sua iniziativa avventata e, in questo caso, incomprensibilmente limitata a un ministro solo&#8221;. Cos\u00ec, in un&#8217;intervista a Il Messaggero, il ministro della Giustizia Carlo Nordio, prendendo spunto dall&#8217;assoluzione del vicepremier e ministro Matteo Salvini al processo Open Arms. Secondo il guardasigilli &#8220;come la magistratura dev&#8217;essere indipendente dalla politica, cos\u00ec quest&#8217;ultima deve esserlo dalla magistratura. Auspico, nello stesso interesse della magistratura, che ogni sua inchiesta venga considerata assolutamente ininfluente nell&#8217;ambito politico&#8221;.<br \/>\nEcco perch\u00e8, a suo dire, la separazione della carriere serve per &#8220;garantire la terziet\u00e0 del giudizio&#8221;, spiegando che &#8220;entro l&#8217;estate dovremmo avere la doppia lettura&#8221; anche se &#8220;difficilmente ci saranno i due terzi, quindi si andr\u00e0 a referendum. E me lo auguro: se ci fossero i 2\/3, vista la malizia politica, qualcuno potrebbe insinuare accordi sottobanco. Mentre con il referendum saranno i cittadini a decidere&#8221;.<br \/>\nSecondo Nordio la riforma della giustizia &#8220;sicuramente \u00e8 quella che ha pi\u00f9 possibilit\u00e0 di arrivare in fondo e nei tempi pi\u00f9 rapidi&#8221;. Poi aggiunge: &#8220;Questa \u00e8 la riforma Nordio-Meloni, e lo rivendico&#8221;. Quanto a un possibile sciopero dei magistrati, secondo il ministro &#8220;sarebbe di una gravit\u00e0 assoluta e il governo non cederebbe di un centimetro. Non \u00e8 un colpo di Stato pensare di varare una riforma costituzionale secondo le procedure fissate dalla stessa Costituzione&#8221;.<br \/>\n(ITALPRESS).<br \/>\n-Foto: Agenzia Fotogramma-<\/div>\n<div id=\"div-gpt-ad-Messinaoggi.it-DSK-300x250-corpoart\" style=\"text-align:center;margin:0 auto;\"><\/div><\/p><div id=\"videoincontent\" style=\"clear:both\";><\/div>","protected":false},"excerpt":{"rendered":"<p>ROMA (ITALPRESS) &#8211; &#8220;Bisogner\u00e0 pur pensare a risarcire le persone che finiscono nella graticola giudiziaria per anni, perdendo la salute, i risparmi, e magari il posto di lavoro, perch\u00e8 qualche pm non ha riflettuto sulle conseguenze della sua iniziativa avventata e, in questo caso, incomprensibilmente limitata a un ministro solo&#8221;. Cos\u00ec, in un&#8217;intervista a Il [&hellip;]<\/p>\n","protected":false},"author":18,"featured_media":223292,"comment_status":"closed","ping_status":"closed","sticky":false,"template":"","format":"standard","meta":{"ub_ctt_via":"","_mi_skip_tracking":false},"categories":[446],"tags":[783],"featured_image_src":"https:\/\/www.messinaoggi.it\/website\/wp-content\/uploads\/2024\/12\/20241222_0085.jpg","author_info":{"display_name":"Admin","author_link":"https:\/\/www.messinaoggi.it\/website\/author\/admin\/"},"digistream_id":0,"digistream":false,"_links":{"self":[{"href":"https:\/\/www.messinaoggi.it\/website\/wp-json\/wp\/v2\/posts\/223291"}],"collection":[{"href":"https:\/\/www.messinaoggi.it\/website\/wp-json\/wp\/v2\/posts"}],"about":[{"href":"https:\/\/www.messinaoggi.it\/website\/wp-json\/wp\/v2\/types\/post"}],"author":[{"embeddable":true,"href":"https:\/\/www.messinaoggi.it\/website\/wp-json\/wp\/v2\/users\/18"}],"replies":[{"embeddable":true,"href":"https:\/\/www.messinaoggi.it\/website\/wp-json\/wp\/v2\/comments?post=223291"}],"version-history":[{"count":0,"href":"https:\/\/www.messinaoggi.it\/website\/wp-json\/wp\/v2\/posts\/223291\/revisions"}],"wp:featuredmedia":[{"embeddable":true,"href":"https:\/\/www.messinaoggi.it\/website\/wp-json\/wp\/v2\/media\/223292"}],"wp:attachment":[{"href":"https:\/\/www.messinaoggi.it\/website\/wp-json\/wp\/v2\/media?parent=223291"}],"wp:term":[{"taxonomy":"category","embeddable":true,"href":"https:\/\/www.messinaoggi.it\/website\/wp-json\/wp\/v2\/categories?post=223291"},{"taxonomy":"post_tag","embeddable":true,"href":"https:\/\/www.messinaoggi.it\/website\/wp-json\/wp\/v2\/tags?post=223291"}],"curies":[{"name":"wp","href":"https:\/\/api.w.org\/{rel}","templated":true}]}}