{"id":223275,"date":"2024-12-21T20:05:44","date_gmt":"2024-12-21T19:05:44","guid":{"rendered":"https:\/\/www.messinaoggi.it\/website\/2024\/12\/21\/albania-rama-annuncia-il-blocco-di-tiktok-per-un-anno\/"},"modified":"2024-12-21T20:05:44","modified_gmt":"2024-12-21T19:05:44","slug":"albania-rama-annuncia-il-blocco-di-tiktok-per-un-anno","status":"publish","type":"post","link":"https:\/\/www.messinaoggi.it\/website\/2024\/12\/21\/albania-rama-annuncia-il-blocco-di-tiktok-per-un-anno\/","title":{"rendered":"Albania, Rama annuncia il blocco di TikTok per un anno"},"content":{"rendered":"<div>TIRANA (ALBANIA) (ITALPRESS) &#8211; L&#8217;Albania bloccher\u00e0 l&#8217;accesso a TikTok per un anno. Lo ha annunciato il primo ministro Edi Rama nel corso di una riunione con rappresentanti di genitori e insegnanti. Secondo quanto riporta l&#8217;agenzia ATA, il capo del governo albanese ha chiarito che l&#8217;accesso alla piattaforma di social media sar\u00e0 bloccato per tutti e che la decisione arriva dopo aver consultato esperti in materia di istruzione e sicurezza infantile. La decisione nasce dalle preoccupazioni sulla sicurezza dei minori online, legate principalmente al cyberbullismo e all&#8217;esposizione a contenuti inappropriati. Il tema era da settimane alla ribalta dopo che a Tirana un 14enne era stato ucciso a coltellate da un suo coetaneo, a pochi passi da una scuola, a seguito di una lite iniziata proprio sui social.<br \/>&#8220;TikTok non sar\u00e0 disponibile nella Repubblica d&#8217;Albania&#8221;, ha annunciato Rama, aggiungendo che il governo seguir\u00e0 anche le azioni previste da altri Paesi riguardo a questa piattaforma. Il premier ha riferito che TikTok verr\u00e0 bloccato nel 2025 e che i tempi tecnici per avviare questa messa al bando richiedono dalle sei alle otto settimane.<br \/>&#8220;Durante quest&#8217;anno scopriremo come si comporteranno gli altri Paesi e la stessa TikTok. L&#8217;azienda ha sede in Cina, ma questo paese vieta i contenuti dannosi, tra cui dissolutezza, perversione, violenza, bullismo e criminalit\u00e0&#8221;, ha affermato Rama, spiegando che il governo continuer\u00e0 a monitorare la situazione e cercher\u00e0 anche altri modi per migliorare la sicurezza dei minori online.<div id=\"div-gpt-ad-Messinaoggi.it-DSK-300x250-corpoart\" style=\"text-align:center;margin:0 auto;\"><\/div><\/p>\n<p>&#8211; Foto Agenzia Fotogramma &#8211;<div id=\"videoincontent\" style=\"clear:both\";><\/div><\/p>\n<p>(ITALPRESS).<\/p><\/div>\n","protected":false},"excerpt":{"rendered":"<p>TIRANA (ALBANIA) (ITALPRESS) &#8211; L&#8217;Albania bloccher\u00e0 l&#8217;accesso a TikTok per un anno. Lo ha annunciato il primo ministro Edi Rama nel corso di una riunione con rappresentanti di genitori e insegnanti. Secondo quanto riporta l&#8217;agenzia ATA, il capo del governo albanese ha chiarito che l&#8217;accesso alla piattaforma di social media sar\u00e0 bloccato per tutti e [&hellip;]<\/p>\n","protected":false},"author":18,"featured_media":223276,"comment_status":"closed","ping_status":"closed","sticky":false,"template":"","format":"standard","meta":{"ub_ctt_via":"","_mi_skip_tracking":false},"categories":[446],"tags":[783],"featured_image_src":"https:\/\/www.messinaoggi.it\/website\/wp-content\/uploads\/2024\/12\/20241221_1316.jpg","author_info":{"display_name":"Admin","author_link":"https:\/\/www.messinaoggi.it\/website\/author\/admin\/"},"digistream_id":0,"digistream":false,"_links":{"self":[{"href":"https:\/\/www.messinaoggi.it\/website\/wp-json\/wp\/v2\/posts\/223275"}],"collection":[{"href":"https:\/\/www.messinaoggi.it\/website\/wp-json\/wp\/v2\/posts"}],"about":[{"href":"https:\/\/www.messinaoggi.it\/website\/wp-json\/wp\/v2\/types\/post"}],"author":[{"embeddable":true,"href":"https:\/\/www.messinaoggi.it\/website\/wp-json\/wp\/v2\/users\/18"}],"replies":[{"embeddable":true,"href":"https:\/\/www.messinaoggi.it\/website\/wp-json\/wp\/v2\/comments?post=223275"}],"version-history":[{"count":0,"href":"https:\/\/www.messinaoggi.it\/website\/wp-json\/wp\/v2\/posts\/223275\/revisions"}],"wp:featuredmedia":[{"embeddable":true,"href":"https:\/\/www.messinaoggi.it\/website\/wp-json\/wp\/v2\/media\/223276"}],"wp:attachment":[{"href":"https:\/\/www.messinaoggi.it\/website\/wp-json\/wp\/v2\/media?parent=223275"}],"wp:term":[{"taxonomy":"category","embeddable":true,"href":"https:\/\/www.messinaoggi.it\/website\/wp-json\/wp\/v2\/categories?post=223275"},{"taxonomy":"post_tag","embeddable":true,"href":"https:\/\/www.messinaoggi.it\/website\/wp-json\/wp\/v2\/tags?post=223275"}],"curies":[{"name":"wp","href":"https:\/\/api.w.org\/{rel}","templated":true}]}}