{"id":223265,"date":"2024-12-21T18:05:39","date_gmt":"2024-12-21T17:05:39","guid":{"rendered":"https:\/\/www.messinaoggi.it\/website\/2024\/12\/21\/mattarella-orrore-e-unanime-condanna-per-lattentato-a-magdeburgo\/"},"modified":"2024-12-21T18:05:39","modified_gmt":"2024-12-21T17:05:39","slug":"mattarella-orrore-e-unanime-condanna-per-lattentato-a-magdeburgo","status":"publish","type":"post","link":"https:\/\/www.messinaoggi.it\/website\/2024\/12\/21\/mattarella-orrore-e-unanime-condanna-per-lattentato-a-magdeburgo\/","title":{"rendered":"Mattarella \u201cOrrore e unanime condanna per l\u2019attentato a Magdeburgo\u201d"},"content":{"rendered":"<div>ROMA (ITALPRESS) &#8211; &#8220;La notizia del proditorio attentato contro il mercato di Natale a Magdeburgo suscita negli italiani orrore e unanime condanna. Di questi sentimenti desidero farmi immediatamente interprete presso di Lei, signor Presidente e caro amico, e presso tutti i Suoi concittadini&#8221;. Lo scrive il presidente della Repubblica, Sergio Mattarella, in un messaggio inviato al presidente della Repubblica Federale di Germania, Frank-Walter Steinmeier.<br \/>&#8220;In questa drammatica circostanza, la Repubblica Italiana \u00e8 vicina al popolo tedesco con convinta e sincera partecipazione. In questo spirito, desidero far giungere alle famiglie delle vittime le espressioni del nostro pi\u00f9 sincero cordoglio &#8211; aggiunge -. Ai numerosi feriti auguriamo un pronto e completo ristabilimento. La Germania, unita all&#8217;Italia da indissolubili vincoli di amicizia e solidariet\u00e0, pu\u00f2 contare sul nostro pi\u00f9 convinto impegno tanto nel fermo e determinato contrasto al terrorismo quanto nel sostenere insieme le ragioni della libera e pacifica convivenza, elemento fondamentale e irrinunciabile della comune identit\u00e0 europea&#8221;.<div id=\"div-gpt-ad-Messinaoggi.it-DSK-300x250-corpoart\" style=\"text-align:center;margin:0 auto;\"><\/div><\/p>\n<p>&#8211; Foto ufficio stampa Quirinale &#8211;<div id=\"videoincontent\" style=\"clear:both\";><\/div><\/p>\n<p>(ITALPRESS).<\/p><\/div>\n","protected":false},"excerpt":{"rendered":"<p>ROMA (ITALPRESS) &#8211; &#8220;La notizia del proditorio attentato contro il mercato di Natale a Magdeburgo suscita negli italiani orrore e unanime condanna. Di questi sentimenti desidero farmi immediatamente interprete presso di Lei, signor Presidente e caro amico, e presso tutti i Suoi concittadini&#8221;. Lo scrive il presidente della Repubblica, Sergio Mattarella, in un messaggio inviato [&hellip;]<\/p>\n","protected":false},"author":18,"featured_media":223266,"comment_status":"closed","ping_status":"closed","sticky":false,"template":"","format":"standard","meta":{"ub_ctt_via":"","_mi_skip_tracking":false},"categories":[446],"tags":[783],"featured_image_src":"https:\/\/www.messinaoggi.it\/website\/wp-content\/uploads\/2024\/12\/20241221_0750.jpg","author_info":{"display_name":"Admin","author_link":"https:\/\/www.messinaoggi.it\/website\/author\/admin\/"},"digistream_id":0,"digistream":false,"_links":{"self":[{"href":"https:\/\/www.messinaoggi.it\/website\/wp-json\/wp\/v2\/posts\/223265"}],"collection":[{"href":"https:\/\/www.messinaoggi.it\/website\/wp-json\/wp\/v2\/posts"}],"about":[{"href":"https:\/\/www.messinaoggi.it\/website\/wp-json\/wp\/v2\/types\/post"}],"author":[{"embeddable":true,"href":"https:\/\/www.messinaoggi.it\/website\/wp-json\/wp\/v2\/users\/18"}],"replies":[{"embeddable":true,"href":"https:\/\/www.messinaoggi.it\/website\/wp-json\/wp\/v2\/comments?post=223265"}],"version-history":[{"count":0,"href":"https:\/\/www.messinaoggi.it\/website\/wp-json\/wp\/v2\/posts\/223265\/revisions"}],"wp:featuredmedia":[{"embeddable":true,"href":"https:\/\/www.messinaoggi.it\/website\/wp-json\/wp\/v2\/media\/223266"}],"wp:attachment":[{"href":"https:\/\/www.messinaoggi.it\/website\/wp-json\/wp\/v2\/media?parent=223265"}],"wp:term":[{"taxonomy":"category","embeddable":true,"href":"https:\/\/www.messinaoggi.it\/website\/wp-json\/wp\/v2\/categories?post=223265"},{"taxonomy":"post_tag","embeddable":true,"href":"https:\/\/www.messinaoggi.it\/website\/wp-json\/wp\/v2\/tags?post=223265"}],"curies":[{"name":"wp","href":"https:\/\/api.w.org\/{rel}","templated":true}]}}