{"id":223216,"date":"2024-12-21T08:48:52","date_gmt":"2024-12-21T07:48:52","guid":{"rendered":"http:\/\/www.messinaoggi.it\/website\/?p=223216"},"modified":"2024-12-21T08:48:53","modified_gmt":"2024-12-21T07:48:53","slug":"arisme-la-fauci-nominato-nel-collegio-dei-revisori-dei-conti","status":"publish","type":"post","link":"https:\/\/www.messinaoggi.it\/website\/2024\/12\/21\/arisme-la-fauci-nominato-nel-collegio-dei-revisori-dei-conti\/","title":{"rendered":"ARISME, La Fauci nominato nel collegio dei revisori dei conti"},"content":{"rendered":"\n<p>Il professionista messinese Francesco La Fauci \u00e8 stato nominato dal sindaco Federico Basile componente del collegio dei revisore dei conti dell&#8217;agenzia di Risanamento ARISME.<div id=\"div-gpt-ad-Messinaoggi.it-DSK-300x250-corpoart\" style=\"text-align:center;margin:0 auto;\"><\/div><\/p>\n\n\n\n<p>La nomina del commercialista riempie il &#8220;vuoto&#8221; lasciato dal dott. Nicol\u00f2 Cannav\u00f2, il quale ha rassegnato le proprie dimissioni il 21 novembre scorso.<div id=\"videoincontent\" style=\"clear:both\";><\/div><\/p>\n\n\n\n<p>Il decreto sindacale \u00e8 stato pubblicato all&#8217;Albo pretorio del Comune di Messina, dopo che il sindaco ha formalizzato la nuova nomina.<\/p>\n\n\n\n<p>Con l&#8217;arrivo di Francesco La Fauci si ricompone quindi il collegio dei revisori dei conti della Partecipata comunale.<\/p>\n","protected":false},"excerpt":{"rendered":"<p>Il professionista messinese Francesco La Fauci \u00e8 stato nominato dal sindaco Federico Basile componente del collegio dei revisore dei conti dell&#8217;agenzia di Risanamento ARISME. La nomina del commercialista riempie il &#8220;vuoto&#8221; lasciato dal dott. Nicol\u00f2 Cannav\u00f2, il quale ha rassegnato le proprie dimissioni il 21 novembre scorso. Il decreto sindacale \u00e8 stato pubblicato all&#8217;Albo pretorio [&hellip;]<\/p>\n","protected":false},"author":2,"featured_media":156940,"comment_status":"open","ping_status":"open","sticky":false,"template":"","format":"standard","meta":{"ub_ctt_via":"","_mi_skip_tracking":false},"categories":[6],"tags":[1445,2972,6262,11185],"featured_image_src":"https:\/\/www.messinaoggi.it\/website\/wp-content\/uploads\/2023\/05\/unnamed-11.jpg","author_info":{"display_name":"Redazione","author_link":"https:\/\/www.messinaoggi.it\/website\/author\/redazione\/"},"digistream_id":0,"digistream":false,"_links":{"self":[{"href":"https:\/\/www.messinaoggi.it\/website\/wp-json\/wp\/v2\/posts\/223216"}],"collection":[{"href":"https:\/\/www.messinaoggi.it\/website\/wp-json\/wp\/v2\/posts"}],"about":[{"href":"https:\/\/www.messinaoggi.it\/website\/wp-json\/wp\/v2\/types\/post"}],"author":[{"embeddable":true,"href":"https:\/\/www.messinaoggi.it\/website\/wp-json\/wp\/v2\/users\/2"}],"replies":[{"embeddable":true,"href":"https:\/\/www.messinaoggi.it\/website\/wp-json\/wp\/v2\/comments?post=223216"}],"version-history":[{"count":1,"href":"https:\/\/www.messinaoggi.it\/website\/wp-json\/wp\/v2\/posts\/223216\/revisions"}],"predecessor-version":[{"id":223217,"href":"https:\/\/www.messinaoggi.it\/website\/wp-json\/wp\/v2\/posts\/223216\/revisions\/223217"}],"wp:featuredmedia":[{"embeddable":true,"href":"https:\/\/www.messinaoggi.it\/website\/wp-json\/wp\/v2\/media\/156940"}],"wp:attachment":[{"href":"https:\/\/www.messinaoggi.it\/website\/wp-json\/wp\/v2\/media?parent=223216"}],"wp:term":[{"taxonomy":"category","embeddable":true,"href":"https:\/\/www.messinaoggi.it\/website\/wp-json\/wp\/v2\/categories?post=223216"},{"taxonomy":"post_tag","embeddable":true,"href":"https:\/\/www.messinaoggi.it\/website\/wp-json\/wp\/v2\/tags?post=223216"}],"curies":[{"name":"wp","href":"https:\/\/api.w.org\/{rel}","templated":true}]}}