{"id":222810,"date":"2024-12-18T11:44:39","date_gmt":"2024-12-18T10:44:39","guid":{"rendered":"http:\/\/www.messinaoggi.it\/website\/?p=222810"},"modified":"2024-12-18T11:44:41","modified_gmt":"2024-12-18T10:44:41","slug":"tariffe-disabili-la-fauci-atm-non-ne-ha-valutate-inaccettabile","status":"publish","type":"post","link":"https:\/\/www.messinaoggi.it\/website\/2024\/12\/18\/tariffe-disabili-la-fauci-atm-non-ne-ha-valutate-inaccettabile\/","title":{"rendered":"Tariffe disabili, La Fauci: &#8220;Atm non ne ha valutate, inaccettabile&#8221;"},"content":{"rendered":"\n<p>Il vice presidente del Consiglio Comunale di Messina, nonch\u00e9 capogruppo di Ora Sicilia, <strong>Giandomenico La Fauci<\/strong>, interviene nuovamente sulla questione delle tariffe ATM specifiche per disabili. <div id=\"div-gpt-ad-Messinaoggi.it-DSK-300x250-corpoart\" style=\"text-align:center;margin:0 auto;\"><\/div><\/p>\n\n\n\n<p>\u00abLa risposta di ATM alla interrogazione presentata sulle agevolazioni tariffarie per i disabili evidenzia una situazione inaccettabile per una citt\u00e0 moderna e inclusiva come dovrebbe essere Messina. L&#8217;azienda ammette di non aver mai valutato tariffe specifiche per i cittadini diversamente abili, proponendo come unica soluzione un abbonamento promozionale da 50 euro annui accessibile a tutti. Non si tratta quindi di un&#8217;agevolazione specifica per i disabili, ma di una tariffa standard. Ancora pi\u00f9 grave \u00e8 la limitazione dello sconto del 30% ai soli associati all&#8217;Unione Italiana Ciechi e Ipovedenti e ai soci dell&#8217;Ente Nazionale Sordi. Una discriminazione incomprensibile verso tutte le altre categorie di disabili che hanno uguale diritto alla mobilit\u00e0.  <div id=\"videoincontent\" style=\"clear:both\";><\/div><\/p>\n\n\n\n<figure class=\"wp-block-image size-large\"><img loading=\"lazy\" width=\"764\" height=\"531\" src=\"http:\/\/www.messinaoggi.it\/website\/wp-content\/uploads\/2018\/08\/Giandomenico-La-Fauci-1.jpg\" alt=\"\" class=\"wp-image-23132\"\/><figcaption>Giandomenico La Fauci<\/figcaption><\/figure>\n\n\n\n<p>L&#8217;azienda si trincera dietro al contratto di servizio, sostenendo che non prevede un sistema di agevolazioni differenziate in base al grado di disabilit\u00e0 e al reddito. Una giustificazione che non pu\u00f2 essere accettata da una societ\u00e0 partecipata che dovrebbe avere come obiettivo primario il servizio ai cittadini, soprattutto quelli pi\u00f9 fragili. Ho presentato una nuova interrogazione chiedendo una revisione del contratto di servizio e l&#8217;introduzione di un sistema di agevolazioni equo e differenziato. Altre citt\u00e0 italiane lo hanno fatto, non vedo perch\u00e9 Messina non possa allinearsi agli standard pi\u00f9 avanzati di inclusione sociale. Mi aspetto dall&#8217;amministrazione comunale e da ATM risposte concrete e non pi\u00f9 giustificazioni burocratiche. La mobilit\u00e0 \u00e8 un diritto che deve essere garantito a tutti i cittadini, soprattutto a quelli che si trovano in condizioni di maggiore difficolt\u00e0\u00bb.<\/p>\n","protected":false},"excerpt":{"rendered":"<p>Il vice presidente del Consiglio Comunale di Messina, nonch\u00e9 capogruppo di Ora Sicilia, Giandomenico La Fauci, interviene nuovamente sulla questione delle tariffe ATM specifiche per disabili. \u00abLa risposta di ATM alla interrogazione presentata sulle agevolazioni tariffarie per i disabili evidenzia una situazione inaccettabile per una citt\u00e0 moderna e inclusiva come dovrebbe essere Messina. L&#8217;azienda ammette [&hellip;]<\/p>\n","protected":false},"author":15,"featured_media":82326,"comment_status":"open","ping_status":"open","sticky":false,"template":"","format":"standard","meta":{"ub_ctt_via":"","_mi_skip_tracking":false},"categories":[4,6],"tags":[1004,3460,2092,3367,4167,4253,11158],"featured_image_src":"https:\/\/www.messinaoggi.it\/website\/wp-content\/uploads\/2021\/10\/atm-5-768x576-1.jpg","author_info":{"display_name":"red.me","author_link":"https:\/\/www.messinaoggi.it\/website\/author\/red-me\/"},"digistream_id":0,"digistream":false,"_links":{"self":[{"href":"https:\/\/www.messinaoggi.it\/website\/wp-json\/wp\/v2\/posts\/222810"}],"collection":[{"href":"https:\/\/www.messinaoggi.it\/website\/wp-json\/wp\/v2\/posts"}],"about":[{"href":"https:\/\/www.messinaoggi.it\/website\/wp-json\/wp\/v2\/types\/post"}],"author":[{"embeddable":true,"href":"https:\/\/www.messinaoggi.it\/website\/wp-json\/wp\/v2\/users\/15"}],"replies":[{"embeddable":true,"href":"https:\/\/www.messinaoggi.it\/website\/wp-json\/wp\/v2\/comments?post=222810"}],"version-history":[{"count":3,"href":"https:\/\/www.messinaoggi.it\/website\/wp-json\/wp\/v2\/posts\/222810\/revisions"}],"predecessor-version":[{"id":222813,"href":"https:\/\/www.messinaoggi.it\/website\/wp-json\/wp\/v2\/posts\/222810\/revisions\/222813"}],"wp:featuredmedia":[{"embeddable":true,"href":"https:\/\/www.messinaoggi.it\/website\/wp-json\/wp\/v2\/media\/82326"}],"wp:attachment":[{"href":"https:\/\/www.messinaoggi.it\/website\/wp-json\/wp\/v2\/media?parent=222810"}],"wp:term":[{"taxonomy":"category","embeddable":true,"href":"https:\/\/www.messinaoggi.it\/website\/wp-json\/wp\/v2\/categories?post=222810"},{"taxonomy":"post_tag","embeddable":true,"href":"https:\/\/www.messinaoggi.it\/website\/wp-json\/wp\/v2\/tags?post=222810"}],"curies":[{"name":"wp","href":"https:\/\/api.w.org\/{rel}","templated":true}]}}