{"id":222659,"date":"2024-12-17T11:15:49","date_gmt":"2024-12-17T10:15:49","guid":{"rendered":"http:\/\/www.messinaoggi.it\/website\/?p=222659"},"modified":"2024-12-17T11:15:50","modified_gmt":"2024-12-17T10:15:50","slug":"ct-arriva-la-nave-pietro-mondello","status":"publish","type":"post","link":"https:\/\/www.messinaoggi.it\/website\/2024\/12\/17\/ct-arriva-la-nave-pietro-mondello\/","title":{"rendered":"C&#038;T: arriva la nave Pietro Mondello"},"content":{"rendered":"\n<p>Arriva la \u201cPietro Mondello\u201d, gemella della \u201cElio\u201d che entrer\u00e0 in servizio nello Stretto di Messina. Caronte &amp; Tourist: \u201cUna unit\u00e0 modernissima che rappresenta lo stato dell\u2019arte dell\u2019ingegneria navale e un ulteriore passo avanti lungo la strada della sostenibilit\u00e0 ambientale\u201d.\u00a0<div id=\"div-gpt-ad-Messinaoggi.it-DSK-300x250-corpoart\" style=\"text-align:center;margin:0 auto;\"><\/div><\/p>\n\n\n\n<p>Ha lasciato nei giorni scorsi i cantieri navali Sefine di Yalova, in Turchia, ed \u00e8 gi\u00e0 in viaggio verso la Sicilia la \u201c<strong>Pietro Mondello<\/strong>\u201d, il <strong>nuovo traghetto<\/strong> voluto da <strong>Caronte &amp; Tourist<\/strong> per qualificare e potenziare il collegamento tra le due sponde dello Stretto.<div id=\"videoincontent\" style=\"clear:both\";><\/div><\/p>\n\n\n\n<p>La nuova unit\u00e0 sar\u00e0 presentata alla citt\u00e0, alle Autorit\u00e0 e alla stampa <strong>venerd\u00ec 20 dicembre<\/strong> prossimo venturo, nel corso di una breve cerimonia che si svolger\u00e0, con inizio alle <strong>ore 11<\/strong>, <strong>presso il Molo Norimberga del porto storico di Messina<\/strong>.<\/p>\n\n\n\n<p>La \u201cPietro Mondello\u201d porta il nome del padre dell\u2019attuale Presidente del Gruppo Caronte &amp; Tourist, Cavaliere del Lavoro Olga Mondello Franza, imprenditore assai noto che tra le altre cose nel 1966 fu cofondatore, con l&#8217;ingegner Giuseppe Franza, della Tourist Ferry Boat.<\/p>\n\n\n\n<p>La nuova nave, che \u00e8 strutturalmente gemella della \u201cElio\u201d, come questa, \u00e8 dotata di motori con alimentazione bifuel (gasolio pi\u00f9 LNG) ma con in pi\u00f9 un pacco batterie che assicura la propulsione elettrica in entrata e in uscita dai porti e consente di tenere i motori termici spenti durante le soste in banchina.<\/p>\n","protected":false},"excerpt":{"rendered":"<p>Arriva la \u201cPietro Mondello\u201d, gemella della \u201cElio\u201d che entrer\u00e0 in servizio nello Stretto di Messina. Caronte &amp; Tourist: \u201cUna unit\u00e0 modernissima che rappresenta lo stato dell\u2019arte dell\u2019ingegneria navale e un ulteriore passo avanti lungo la strada della sostenibilit\u00e0 ambientale\u201d.\u00a0 Ha lasciato nei giorni scorsi i cantieri navali Sefine di Yalova, in Turchia, ed \u00e8 gi\u00e0 [&hellip;]<\/p>\n","protected":false},"author":2,"featured_media":222660,"comment_status":"open","ping_status":"open","sticky":false,"template":"","format":"standard","meta":{"ub_ctt_via":"","_mi_skip_tracking":false},"categories":[5],"tags":[6674,9828,11151],"featured_image_src":"https:\/\/www.messinaoggi.it\/website\/wp-content\/uploads\/2024\/12\/Pietro-Mondello-Caronte-Tourist.jpg","author_info":{"display_name":"Redazione","author_link":"https:\/\/www.messinaoggi.it\/website\/author\/redazione\/"},"digistream_id":0,"digistream":false,"_links":{"self":[{"href":"https:\/\/www.messinaoggi.it\/website\/wp-json\/wp\/v2\/posts\/222659"}],"collection":[{"href":"https:\/\/www.messinaoggi.it\/website\/wp-json\/wp\/v2\/posts"}],"about":[{"href":"https:\/\/www.messinaoggi.it\/website\/wp-json\/wp\/v2\/types\/post"}],"author":[{"embeddable":true,"href":"https:\/\/www.messinaoggi.it\/website\/wp-json\/wp\/v2\/users\/2"}],"replies":[{"embeddable":true,"href":"https:\/\/www.messinaoggi.it\/website\/wp-json\/wp\/v2\/comments?post=222659"}],"version-history":[{"count":1,"href":"https:\/\/www.messinaoggi.it\/website\/wp-json\/wp\/v2\/posts\/222659\/revisions"}],"predecessor-version":[{"id":222663,"href":"https:\/\/www.messinaoggi.it\/website\/wp-json\/wp\/v2\/posts\/222659\/revisions\/222663"}],"wp:featuredmedia":[{"embeddable":true,"href":"https:\/\/www.messinaoggi.it\/website\/wp-json\/wp\/v2\/media\/222660"}],"wp:attachment":[{"href":"https:\/\/www.messinaoggi.it\/website\/wp-json\/wp\/v2\/media?parent=222659"}],"wp:term":[{"taxonomy":"category","embeddable":true,"href":"https:\/\/www.messinaoggi.it\/website\/wp-json\/wp\/v2\/categories?post=222659"},{"taxonomy":"post_tag","embeddable":true,"href":"https:\/\/www.messinaoggi.it\/website\/wp-json\/wp\/v2\/tags?post=222659"}],"curies":[{"name":"wp","href":"https:\/\/api.w.org\/{rel}","templated":true}]}}