{"id":222439,"date":"2024-12-16T00:09:31","date_gmt":"2024-12-15T23:09:31","guid":{"rendered":"http:\/\/www.messinaoggi.it\/website\/?p=222439"},"modified":"2024-12-16T09:39:10","modified_gmt":"2024-12-16T08:39:10","slug":"un-pd-dilaniato-ratifica-lelezione-di-hyerace","status":"publish","type":"post","link":"https:\/\/www.messinaoggi.it\/website\/2024\/12\/16\/un-pd-dilaniato-ratifica-lelezione-di-hyerace\/","title":{"rendered":"Un Pd &#8220;dilaniato&#8221; ratifica l&#8217;elezione di Hyerace"},"content":{"rendered":"\n<p>Si conclude oggi, con la ratifica dell\u2019elezione del segretario provinciale Armando Hyerace e dei 100 membri dell\u2019assemblea provinciale, la fase congressuale del Partito democratico di Messina.<div id=\"div-gpt-ad-Messinaoggi.it-DSK-300x250-corpoart\" style=\"text-align:center;margin:0 auto;\"><\/div><\/p>\n\n\n\n<p>Presenti diversi rappresentanti del mondo del sindacato, dell\u2019associazionismo, e i riferimenti politici delle forze del centro sinistra, con i quali si \u00e8 registrata ampia e piena condivisione sui temi del lavoro, dello sviluppo e dei diritti. In particolare, sono intervenuti l\u2019On.le Antonio De Luca, e la Senatrice Barbara Floridia per il M5S; Piero Patti per la CGIL; Lillo Grasso per Azione; Tonino Cafeo per SI; Dafne Musolino, per Italia Viva; Ivana Risitano per Cambiano Messina dal Basso; Claudio Vallone per il sindacato SUNIA; Massimo Pellegrino per il sindacato FABI; Patrizia Maiorana, circolo ARCI Thomas Sankara; hanno mandato un augurio di buon lavoro anche Palmira Mancuso di + Europa e Ivan Tripodi della UIL. Presenti anche il segretario regionale Barbagallo, che ha ribadito la posizione contraria al ponte sullo stretto e il deputato Calogero Leanza che \u00e8 intervenuto a difesa della sanit\u00e0 pubblica messinese.<div id=\"videoincontent\" style=\"clear:both\";><\/div><\/p>\n\n\n\n<p>Nel corso degli interventi \u00e8 stata ribadita da tutti la volont\u00e0 di lavorare assieme per la costruzione dell\u2019alternativa di governo a Messina, come a Palermo e a Roma.<\/p>\n\n\n\n<p>\u201cIl Pd svolga il ruolo di facilitatore per la costruzione di un fronte progressista alternativo\u201d, ha commentato il neo segretario provinciale Armando Hyerace.<\/p>\n\n\n\n<p> E in merito alle recenti dichiarazioni rese dal consigliere comunale Alessandro Russo, risponde: \u201cIl nostro partito \u00e8 democratico per nome e statuto. E la democrazia si fonda su pluralismo e dialogo. Persino allo scontro critico bisogna essere pronti e anzi non evitarlo, perch\u00e9 pu\u00f2 portare alla certezza di uno spazio nel quale far coesistere pi\u00f9 anime\u201d, cos\u00ec sull\u2019assenza dei 49 delegati eletti a supporto della mozione alternativa alla sua. \u201cSono quindi sorpreso per la scelta di non partecipare all\u2019assemblea di oggi, che poteva essere anche la sede naturale del confronto. Dialogo e confronto che, come conferma del resto Alessandro, si \u00e8 potuto aprire solo 24 ore prima e che, ciononostante, non ho negato anche formulando una proposta di apertura. Ci\u00f2 detto, non ho mai proposto la mia segreteria come quella di un uomo solo al comando e non assumo decisioni senza confrontarmi con i tanti con i quali \u00e8 stata costruita la mozione a mio supporto. Oggi sarebbe stata di certo l\u2019occasione migliore per portare all\u2019attenzione di tutti proposte e richieste, iniziative e obiettivi. In ogni caso, tutto ci\u00f2 non sposta di una virgola ci\u00f2 che ho sempre sostenuto. E non perch\u00e9 la vittoria o la sconfitta passino da uno, tre, cento voti, ma perch\u00e9 facciamo parte dello stesso partito. Per tali ragioni, rinnovo la volont\u00e0 di farmi carico di costruire una gestione del partito che tenga dentro tutti e in particolare coloro che vogliono realmente impegnarsi. Nell\u2019interesse innanzitutto della nostra comunit\u00e0 che non pu\u00f2 e deve dividersi innanzi alle importanti sfide che ci attendono\u201d.<\/p>\n","protected":false},"excerpt":{"rendered":"<p>Si conclude oggi, con la ratifica dell\u2019elezione del segretario provinciale Armando Hyerace e dei 100 membri dell\u2019assemblea provinciale, la fase congressuale del Partito democratico di Messina. Presenti diversi rappresentanti del mondo del sindacato, dell\u2019associazionismo, e i riferimenti politici delle forze del centro sinistra, con i quali si \u00e8 registrata ampia e piena condivisione sui temi [&hellip;]<\/p>\n","protected":false},"author":2,"featured_media":211856,"comment_status":"open","ping_status":"open","sticky":false,"template":"","format":"standard","meta":{"ub_ctt_via":"","_mi_skip_tracking":false},"categories":[6],"tags":[9727,6650,11141],"featured_image_src":"https:\/\/www.messinaoggi.it\/website\/wp-content\/uploads\/2024\/09\/Progetto-senza-titolo_20240923_131952_0000.png","author_info":{"display_name":"Redazione","author_link":"https:\/\/www.messinaoggi.it\/website\/author\/redazione\/"},"digistream_id":0,"digistream":false,"_links":{"self":[{"href":"https:\/\/www.messinaoggi.it\/website\/wp-json\/wp\/v2\/posts\/222439"}],"collection":[{"href":"https:\/\/www.messinaoggi.it\/website\/wp-json\/wp\/v2\/posts"}],"about":[{"href":"https:\/\/www.messinaoggi.it\/website\/wp-json\/wp\/v2\/types\/post"}],"author":[{"embeddable":true,"href":"https:\/\/www.messinaoggi.it\/website\/wp-json\/wp\/v2\/users\/2"}],"replies":[{"embeddable":true,"href":"https:\/\/www.messinaoggi.it\/website\/wp-json\/wp\/v2\/comments?post=222439"}],"version-history":[{"count":1,"href":"https:\/\/www.messinaoggi.it\/website\/wp-json\/wp\/v2\/posts\/222439\/revisions"}],"predecessor-version":[{"id":222440,"href":"https:\/\/www.messinaoggi.it\/website\/wp-json\/wp\/v2\/posts\/222439\/revisions\/222440"}],"wp:featuredmedia":[{"embeddable":true,"href":"https:\/\/www.messinaoggi.it\/website\/wp-json\/wp\/v2\/media\/211856"}],"wp:attachment":[{"href":"https:\/\/www.messinaoggi.it\/website\/wp-json\/wp\/v2\/media?parent=222439"}],"wp:term":[{"taxonomy":"category","embeddable":true,"href":"https:\/\/www.messinaoggi.it\/website\/wp-json\/wp\/v2\/categories?post=222439"},{"taxonomy":"post_tag","embeddable":true,"href":"https:\/\/www.messinaoggi.it\/website\/wp-json\/wp\/v2\/tags?post=222439"}],"curies":[{"name":"wp","href":"https:\/\/api.w.org\/{rel}","templated":true}]}}