{"id":222293,"date":"2024-12-14T10:55:45","date_gmt":"2024-12-14T09:55:45","guid":{"rendered":"http:\/\/www.messinaoggi.it\/website\/?p=222293"},"modified":"2024-12-14T10:55:46","modified_gmt":"2024-12-14T09:55:46","slug":"lintelligenza-artificiale-nella-sanita-e-nella-pubblica-amministrazione-convegno-di-uil","status":"publish","type":"post","link":"https:\/\/www.messinaoggi.it\/website\/2024\/12\/14\/lintelligenza-artificiale-nella-sanita-e-nella-pubblica-amministrazione-convegno-di-uil\/","title":{"rendered":"L\u2019intelligenza artificiale nella sanit\u00e0 e nella pubblica amministrazione, convegno di Uil"},"content":{"rendered":"\n<p>Si svolger\u00e0 luned\u00ec 16 dicembre alle ore 9.00 presso il Teatro dell\u2019Istituto Cristo Re sito in viale Principe Umberto, l\u2019importante convegno organizzato dalla Uil e la dalla Uil Fpl di Messina per discutere sul tema: \u201cL\u2019intelligenza artificiale nella sanit\u00e0 e nella pubblica amministrazione: quale futuro?\u201d. <div id=\"div-gpt-ad-Messinaoggi.it-DSK-300x250-corpoart\" style=\"text-align:center;margin:0 auto;\"><\/div><\/p>\n\n\n\n<p>L\u2019evento sar\u00e0 moderato da <strong>Giuseppe Ardica<\/strong>, giornalista Tgr Rai Sicilia, mentre introdurranno i lavori <strong>Livio Andronico<\/strong>, segretario generale Uil Fpl Messina, e <strong>Giovanni Cicceri<\/strong>, docente Universit\u00e0 di Palermo. <div id=\"videoincontent\" style=\"clear:both\";><\/div><\/p>\n\n\n\n<p>Interverranno: <strong>Giacomo Caudo<\/strong>, presidente Ordine dei Medici di Messina, <strong>Giuseppe Cucc\u00ec<\/strong>, direttore generale Asp Messina, <strong>Francesco M. Gennaro<\/strong>, segreteria generale Uil Nazionale, <strong>Maurizio Lanza<\/strong>, direttore generale Irccs Neurolesi Messina, <strong>Luisella Lionti<\/strong>, segretaria generale Uil Sicilia, <strong>Salvatore Sampino<\/strong>, segretario generale Uil Fpl Sicilia, <strong>Giorgio Giulio Santonocito<\/strong>, direttore generale Policlinico \u201cG. Martino\u201d Messina, e <strong>Ivan Tripodi<\/strong>, segretario generale Uil Messina. <\/p>\n\n\n\n<p>Concluder\u00e0 i lavori <strong>Rita Longobardi<\/strong>, segretaria generale Uil Fpl Nazionale.<\/p>\n\n\n\n<p>\u201cL\u2019idea di realizzare questo convegno sul tema attualissimo e dirimente dell\u2019intelligenza artificiale \u00e8 stata immaginata con la consapevolezza di affrontare una questione che \u00e8 ormai una realt\u00e0 concreta e sempre pi\u00f9 presente e pervasiva nella vita quotidiana e nella societ\u00e0. Siamo, infatti, assolutamente persuasi che, per esempio, a fronte dell\u2019odierno disastro della sanit\u00e0 causato da gravi problematiche che passano dalla mancanza di medici e infermieri alle lunghissime liste d\u2019attesa e dalle contestuali pesanti criticit\u00e0 che vive la pubblica amministrazione, \u00e8 indispensabile approfondire la tematica dell\u2019intelligenza artificiale. L\u2019approccio deve essere caratterizzato dalla piena consapevolezza che si tratta di uno \u201cstrumento\u201d che, certamente,  rappresenta una rivoluzione dalle enormi conseguenze che possono e, a nostro avviso, devono tramutarsi in un\u2019enorme opportunit\u00e0 che sar\u00e0 tale se la stessa sar\u00e0 governata con chiare opzioni che riguardano la centralit\u00e0 del lavoro, dei lavoratori e degli aspetti sociali. Il convegno \u00e8 stato pensato ed organizzato con un approccio multidisciplinare e con il doveroso approfondimento riguardo il dialogo sociale. In tal senso, il coinvolgimento di tutti i principali responsabili della sanit\u00e0 pubblica messinese \u00e8 stato immaginato per affrontare il merito di una grande questione che non pu\u00f2 essere ignorato. L\u2019occasione nasce anche per affrontare una discussione su tutti gli strumenti utili a tutelare i lavoratori poich\u00e9 le trasformazioni derivanti dall\u2019IA, oltre la sfera personale sempre pi\u00f9 invasa e pervasa dal digitale e dall\u2019iperinformazione, riguardano gli ambiti aziendali e professionali. In questo quadro \u00e8 fondamentale il ruolo del Sindacato che \u00e8 chiamato ad affrontare una sfida epocale per salvaguardare i diritti dei lavoratori e i bisogni delle persone affrontando con maturit\u00e0 e visione la rivoluzione in atto chiamata intelligenza artificiale\u201d hanno cos\u00ec affermato <strong>Ivan Tripodi<\/strong>, segretario generale Uil Messina, e <strong>Livio Andronico<\/strong>, segretario generale Uil Fpl Messina, nel presentare l\u2019evento di luned\u00ec 16 dicembre.  <\/p>\n\n\n\n<figure class=\"wp-block-image size-large\"><img loading=\"lazy\" width=\"742\" height=\"1024\" src=\"http:\/\/www.messinaoggi.it\/website\/wp-content\/uploads\/2024\/12\/IMG-20241214-WA0005-1-742x1024.jpg\" alt=\"\" class=\"wp-image-222296\" srcset=\"https:\/\/www.messinaoggi.it\/website\/wp-content\/uploads\/2024\/12\/IMG-20241214-WA0005-1-742x1024.jpg 742w, https:\/\/www.messinaoggi.it\/website\/wp-content\/uploads\/2024\/12\/IMG-20241214-WA0005-1-217x300.jpg 217w, https:\/\/www.messinaoggi.it\/website\/wp-content\/uploads\/2024\/12\/IMG-20241214-WA0005-1-768x1060.jpg 768w, https:\/\/www.messinaoggi.it\/website\/wp-content\/uploads\/2024\/12\/IMG-20241214-WA0005-1-1113x1536.jpg 1113w, https:\/\/www.messinaoggi.it\/website\/wp-content\/uploads\/2024\/12\/IMG-20241214-WA0005-1.jpg 1179w\" sizes=\"(max-width: 742px) 100vw, 742px\" \/><\/figure>\n","protected":false},"excerpt":{"rendered":"<p>Si svolger\u00e0 luned\u00ec 16 dicembre alle ore 9.00 presso il Teatro dell\u2019Istituto Cristo Re sito in viale Principe Umberto, l\u2019importante convegno organizzato dalla Uil e la dalla Uil Fpl di Messina per discutere sul tema: \u201cL\u2019intelligenza artificiale nella sanit\u00e0 e nella pubblica amministrazione: quale futuro?\u201d. L\u2019evento sar\u00e0 moderato da Giuseppe Ardica, giornalista Tgr Rai Sicilia, [&hellip;]<\/p>\n","protected":false},"author":15,"featured_media":222295,"comment_status":"open","ping_status":"open","sticky":false,"template":"","format":"standard","meta":{"ub_ctt_via":"","_mi_skip_tracking":false},"categories":[5,6],"tags":[8156,3282,113,1338,115],"featured_image_src":"https:\/\/www.messinaoggi.it\/website\/wp-content\/uploads\/2024\/12\/IMG-20241214-WA0005-e1734170048267.jpg","author_info":{"display_name":"red.me","author_link":"https:\/\/www.messinaoggi.it\/website\/author\/red-me\/"},"digistream_id":0,"digistream":false,"_links":{"self":[{"href":"https:\/\/www.messinaoggi.it\/website\/wp-json\/wp\/v2\/posts\/222293"}],"collection":[{"href":"https:\/\/www.messinaoggi.it\/website\/wp-json\/wp\/v2\/posts"}],"about":[{"href":"https:\/\/www.messinaoggi.it\/website\/wp-json\/wp\/v2\/types\/post"}],"author":[{"embeddable":true,"href":"https:\/\/www.messinaoggi.it\/website\/wp-json\/wp\/v2\/users\/15"}],"replies":[{"embeddable":true,"href":"https:\/\/www.messinaoggi.it\/website\/wp-json\/wp\/v2\/comments?post=222293"}],"version-history":[{"count":2,"href":"https:\/\/www.messinaoggi.it\/website\/wp-json\/wp\/v2\/posts\/222293\/revisions"}],"predecessor-version":[{"id":222297,"href":"https:\/\/www.messinaoggi.it\/website\/wp-json\/wp\/v2\/posts\/222293\/revisions\/222297"}],"wp:featuredmedia":[{"embeddable":true,"href":"https:\/\/www.messinaoggi.it\/website\/wp-json\/wp\/v2\/media\/222295"}],"wp:attachment":[{"href":"https:\/\/www.messinaoggi.it\/website\/wp-json\/wp\/v2\/media?parent=222293"}],"wp:term":[{"taxonomy":"category","embeddable":true,"href":"https:\/\/www.messinaoggi.it\/website\/wp-json\/wp\/v2\/categories?post=222293"},{"taxonomy":"post_tag","embeddable":true,"href":"https:\/\/www.messinaoggi.it\/website\/wp-json\/wp\/v2\/tags?post=222293"}],"curies":[{"name":"wp","href":"https:\/\/api.w.org\/{rel}","templated":true}]}}