{"id":222133,"date":"2024-12-13T09:48:09","date_gmt":"2024-12-13T08:48:09","guid":{"rendered":"http:\/\/www.messinaoggi.it\/website\/?p=222133"},"modified":"2024-12-13T14:30:27","modified_gmt":"2024-12-13T13:30:27","slug":"danni-alla-condotta-idrica-fiumefreddo-il-sindaco-basile-chiede-chiarimenti-e-risarcimenti","status":"publish","type":"post","link":"https:\/\/www.messinaoggi.it\/website\/2024\/12\/13\/danni-alla-condotta-idrica-fiumefreddo-il-sindaco-basile-chiede-chiarimenti-e-risarcimenti\/","title":{"rendered":"Danni alla condotta idrica Fiumefreddo: il sindaco Basile chiede chiarimenti e risarcimenti"},"content":{"rendered":"\n<p>Con riferimento al danno registrato alla condotta idrica principale dell&#8217;Acquedotto Fiumefreddo in localit\u00e0 Itala, lo scorso 10 dicembre, il sindaco Federico Basile, sentita A.M.A.M. S.p.A., gestore del servizio idrico integrato per la Citt\u00e0 di Messina ha formalmente richiesto chiarimenti urgenti alle societ\u00e0 ANAS ed ENEL in merito alle responsabilit\u00e0 del sinistro. <div id=\"div-gpt-ad-Messinaoggi.it-DSK-300x250-corpoart\" style=\"text-align:center;margin:0 auto;\"><\/div><\/p>\n\n\n\n<p>Il danno \u00e8 ascrivibile ai lavori di posa di un cavidotto elettrico per il potenziamento e lo spostamento della media tensione,  sulla S.S. 114 \u201cOrientale Sicula\u201d, nel tratto compreso tra il km 21+252 e il km 23+050, nel Comune di Al\u00ec Terme (ME). Secondo quanto riportato, il danno \u00e8 stato causato da una ditta subappaltatrice responsabile delle opere, che avrebbe gi\u00e0 ammesso la propria responsabilit\u00e0.<div id=\"videoincontent\" style=\"clear:both\";><\/div><\/p>\n\n\n\n<p>Tuttavia, il Comune di Messina, insieme ad A.M.A.M., ha sottolineato la necessit\u00e0 di fugare ogni dubbio circa le modalit\u00e0 di esecuzione dei lavori e l\u2019adeguatezza delle opere di isolamento necessarie per garantire la coesistenza, senza la minima interferenza, della condotta idrica con il cavidotto elettrico al fine di evitare episodi simili durante la prosecuzione dei lavori nonch\u00e9 per scongiurare impedimenti futuri su eventuali manutenzioni che Amam potrebbe avere necessit\u00e0 di eseguire sull&#8217;acquedotto Fiumefreddo.<\/p>\n\n\n\n<p>Il danno provocato ha avuto un impatto diretto sulla fornitura idrica, con disservizi per la popolazione.<\/p>\n\n\n\n<p>&#8220;Quanto accaduto tra Al\u00ec Terme e Itala, sulla SS 114 &#8211; afferma il sindaco Basile &#8211; \u00e8 grave. Chiediamo che vengano adottate tutte le misure necessarie per garantire la sicurezza delle opere. Lavori, come quelli che si stanno portando avanti collegati al raddoppio ferroviario non possono non tenere conto di tutto il resto. Pretendiamo garanzie concrete affinch\u00e9 simili incidenti non si ripetano, al fine di salvaguardare i servizi essenziali e i diritti dei cittadini di Messina. Ci riserviamo inoltre di quantificare il risarcimento legato ai danni subiti\u201d, conclude Basile.<\/p>\n","protected":false},"excerpt":{"rendered":"<p>Con riferimento al danno registrato alla condotta idrica principale dell&#8217;Acquedotto Fiumefreddo in localit\u00e0 Itala, lo scorso 10 dicembre, il sindaco Federico Basile, sentita A.M.A.M. S.p.A., gestore del servizio idrico integrato per la Citt\u00e0 di Messina ha formalmente richiesto chiarimenti urgenti alle societ\u00e0 ANAS ed ENEL in merito alle responsabilit\u00e0 del sinistro. Il danno \u00e8 ascrivibile [&hellip;]<\/p>\n","protected":false},"author":15,"featured_media":161126,"comment_status":"open","ping_status":"open","sticky":false,"template":"","format":"standard","meta":{"ub_ctt_via":"","_mi_skip_tracking":false},"categories":[6],"tags":[95,8313,1080,3531,2972,1803],"featured_image_src":"https:\/\/www.messinaoggi.it\/website\/wp-content\/uploads\/2023\/06\/0-1-8.jpg","author_info":{"display_name":"red.me","author_link":"https:\/\/www.messinaoggi.it\/website\/author\/red-me\/"},"digistream_id":0,"digistream":false,"_links":{"self":[{"href":"https:\/\/www.messinaoggi.it\/website\/wp-json\/wp\/v2\/posts\/222133"}],"collection":[{"href":"https:\/\/www.messinaoggi.it\/website\/wp-json\/wp\/v2\/posts"}],"about":[{"href":"https:\/\/www.messinaoggi.it\/website\/wp-json\/wp\/v2\/types\/post"}],"author":[{"embeddable":true,"href":"https:\/\/www.messinaoggi.it\/website\/wp-json\/wp\/v2\/users\/15"}],"replies":[{"embeddable":true,"href":"https:\/\/www.messinaoggi.it\/website\/wp-json\/wp\/v2\/comments?post=222133"}],"version-history":[{"count":2,"href":"https:\/\/www.messinaoggi.it\/website\/wp-json\/wp\/v2\/posts\/222133\/revisions"}],"predecessor-version":[{"id":222136,"href":"https:\/\/www.messinaoggi.it\/website\/wp-json\/wp\/v2\/posts\/222133\/revisions\/222136"}],"wp:featuredmedia":[{"embeddable":true,"href":"https:\/\/www.messinaoggi.it\/website\/wp-json\/wp\/v2\/media\/161126"}],"wp:attachment":[{"href":"https:\/\/www.messinaoggi.it\/website\/wp-json\/wp\/v2\/media?parent=222133"}],"wp:term":[{"taxonomy":"category","embeddable":true,"href":"https:\/\/www.messinaoggi.it\/website\/wp-json\/wp\/v2\/categories?post=222133"},{"taxonomy":"post_tag","embeddable":true,"href":"https:\/\/www.messinaoggi.it\/website\/wp-json\/wp\/v2\/tags?post=222133"}],"curies":[{"name":"wp","href":"https:\/\/api.w.org\/{rel}","templated":true}]}}