{"id":221685,"date":"2024-12-10T09:40:51","date_gmt":"2024-12-10T08:40:51","guid":{"rendered":"http:\/\/www.messinaoggi.it\/website\/?p=221685"},"modified":"2024-12-10T09:40:53","modified_gmt":"2024-12-10T08:40:53","slug":"seus-118-incendio-ambulanza-evento-imprevisto","status":"publish","type":"post","link":"https:\/\/www.messinaoggi.it\/website\/2024\/12\/10\/seus-118-incendio-ambulanza-evento-imprevisto\/","title":{"rendered":"Seus 118: &#8220;Incendio ambulanza evento imprevisto&#8221;"},"content":{"rendered":"\n<p>In riferimento all&#8217;incendio che ha distrutto un&#8217;ambulanza del 118 ad Ortoliuzzo a Messina, dalla Seus sottolineano che \u201cnelle ore precedenti il mezzo, che era stato inviato per un controllo in una officina convenzionata, aveva ricevuto il via libera alla circolazione. Dopo il rogo dall&#8217;officina ci hanno ribadito che nulla lasciava presagire ci\u00f2 che poi \u00e8 accaduto. Il nostro parco mezzi, in gran parte rinnovato negli ultimi anni, \u00e8 tra i pi\u00f9 moderni d&#8217;Italia ed \u00e8 costantemente oggetto di manutenzioni e accurati controlli per garantirne l&#8217;efficienza e la sicurezza\u00bb. Infine dalla Seus confermano che i due soccorritori che erano a bordo dell&#8217;ambulanza sono usciti subito dal mezzo e quindi sono rimasti indenni.<div id=\"div-gpt-ad-Messinaoggi.it-DSK-300x250-corpoart\" style=\"text-align:center;margin:0 auto;\"><\/div><\/p>\n<div id=\"videoincontent\" style=\"clear:both\";><\/div>","protected":false},"excerpt":{"rendered":"<p>In riferimento all&#8217;incendio che ha distrutto un&#8217;ambulanza del 118 ad Ortoliuzzo a Messina, dalla Seus sottolineano che \u201cnelle ore precedenti il mezzo, che era stato inviato per un controllo in una officina convenzionata, aveva ricevuto il via libera alla circolazione. Dopo il rogo dall&#8217;officina ci hanno ribadito che nulla lasciava presagire ci\u00f2 che poi \u00e8 [&hellip;]<\/p>\n","protected":false},"author":2,"featured_media":221593,"comment_status":"open","ping_status":"open","sticky":false,"template":"","format":"standard","meta":{"ub_ctt_via":"","_mi_skip_tracking":false},"categories":[6],"tags":[39,11098,2853,5668],"featured_image_src":"https:\/\/www.messinaoggi.it\/website\/wp-content\/uploads\/2024\/12\/IMG-20241209-WA0012.jpg","author_info":{"display_name":"Redazione","author_link":"https:\/\/www.messinaoggi.it\/website\/author\/redazione\/"},"digistream_id":0,"digistream":false,"_links":{"self":[{"href":"https:\/\/www.messinaoggi.it\/website\/wp-json\/wp\/v2\/posts\/221685"}],"collection":[{"href":"https:\/\/www.messinaoggi.it\/website\/wp-json\/wp\/v2\/posts"}],"about":[{"href":"https:\/\/www.messinaoggi.it\/website\/wp-json\/wp\/v2\/types\/post"}],"author":[{"embeddable":true,"href":"https:\/\/www.messinaoggi.it\/website\/wp-json\/wp\/v2\/users\/2"}],"replies":[{"embeddable":true,"href":"https:\/\/www.messinaoggi.it\/website\/wp-json\/wp\/v2\/comments?post=221685"}],"version-history":[{"count":1,"href":"https:\/\/www.messinaoggi.it\/website\/wp-json\/wp\/v2\/posts\/221685\/revisions"}],"predecessor-version":[{"id":221687,"href":"https:\/\/www.messinaoggi.it\/website\/wp-json\/wp\/v2\/posts\/221685\/revisions\/221687"}],"wp:featuredmedia":[{"embeddable":true,"href":"https:\/\/www.messinaoggi.it\/website\/wp-json\/wp\/v2\/media\/221593"}],"wp:attachment":[{"href":"https:\/\/www.messinaoggi.it\/website\/wp-json\/wp\/v2\/media?parent=221685"}],"wp:term":[{"taxonomy":"category","embeddable":true,"href":"https:\/\/www.messinaoggi.it\/website\/wp-json\/wp\/v2\/categories?post=221685"},{"taxonomy":"post_tag","embeddable":true,"href":"https:\/\/www.messinaoggi.it\/website\/wp-json\/wp\/v2\/tags?post=221685"}],"curies":[{"name":"wp","href":"https:\/\/api.w.org\/{rel}","templated":true}]}}