{"id":221415,"date":"2024-12-07T09:33:42","date_gmt":"2024-12-07T08:33:42","guid":{"rendered":"http:\/\/www.messinaoggi.it\/website\/?p=221415"},"modified":"2024-12-07T09:33:45","modified_gmt":"2024-12-07T08:33:45","slug":"domani-si-accende-il-natale-2024-di-messina","status":"publish","type":"post","link":"https:\/\/www.messinaoggi.it\/website\/2024\/12\/07\/domani-si-accende-il-natale-2024-di-messina\/","title":{"rendered":"Domani si accende il Natale 2024 di Messina"},"content":{"rendered":"\n<p>Il sindaco Federico Basile, domenica 8 dicembre, nel giorno della festa dell\u2019Immacolata, alle ore 17, come da tradizione con l\u2019accensione dell\u2019albero nell\u2019atrio di palazzo Zanca, cui si uniranno il Presidente del Consiglio comunale, gli Assessori, consiglieri comunali e rappresentanti delle sei Municipalit\u00e0 e i vertici delle Partecipate, dar\u00e0 il via agli appuntamenti del Natale 2024 a Messina che allieteranno la comunit\u00e0 nel periodo pi\u00f9 magico dell\u2019anno sino al 6 gennaio 2025. Il programma dell\u2019evento, aperto alla cittadinanza, prevede a seguire l\u2019accensione dell\u2019albero che adorna piazza Unione Europea, per spostarsi poi nello spazio antistante il Vittorio Emanuele con il suo abete natalizio, e proseguimento verso l\u2019albero di piazza Universit\u00e0, quello di piazza Lo Sardo e a concludere l\u2019albero di piazza Cairoli. Quest\u2019anno, sono 90 gli alberi collocati dall\u2019Amministrazione comunale nelle principali piazze della citt\u00e0 e quelle dei villaggi con il supporto e cura degli allestimenti della Partecipata MessinaServizi Bene Comune.<div id=\"div-gpt-ad-Messinaoggi.it-DSK-300x250-corpoart\" style=\"text-align:center;margin:0 auto;\"><\/div><\/p>\n\n\n\n<p>Dal centro storico ai villaggi numerosi gli appuntamenti: si parte anche l\u20198 dicembre con i tradizionali mercatini proposti dal <strong>\u201cVillaggio di Natale\u201d<\/strong> a piazza Cairoli insieme a attrazioni ludiche e spettacoli musicali per animare l\u2019isola pedonale S. Martino; e il <strong>Christmas Village-Natale in Teatro<\/strong> lungo la via Laudamo. Seguiranno come da calendario, rassegne musicali a <strong>Santa Maria Alemanna<\/strong> e spettacoli vari al <strong>Palacultura<\/strong>; e poi ancora la sezione dedicata alle Ville cittadine<strong>, villa Dante, villa Sabin, villa Mazzini, il Parco Aldo Moro e la Pineta Montepiselli<\/strong> tra luci, magie e colori per incantare bambini e adulti. Tra gli oltre 200 eventi natalizi si rinnovano poi quelli pi\u00f9 tradizionali tra questi: il Presepe vivente di Castanea, Santa Claus village a Massa San Nicola, il Natale a Cristo Re, la Mostra di arti presepiali nei Chiostri dell\u2019Arcivescovado, il Presepe della galleria Inps, la cavalcata dei 3 magi, i 100 presepi del borgo di Ganzirri, il Natale a Forte Cavalli, Cultura Food e Wine al binario 1, e Music on the Bus.<div id=\"videoincontent\" style=\"clear:both\";><\/div><\/p>\n","protected":false},"excerpt":{"rendered":"<p>Il sindaco Federico Basile, domenica 8 dicembre, nel giorno della festa dell\u2019Immacolata, alle ore 17, come da tradizione con l\u2019accensione dell\u2019albero nell\u2019atrio di palazzo Zanca, cui si uniranno il Presidente del Consiglio comunale, gli Assessori, consiglieri comunali e rappresentanti delle sei Municipalit\u00e0 e i vertici delle Partecipate, dar\u00e0 il via agli appuntamenti del Natale 2024 [&hellip;]<\/p>\n","protected":false},"author":2,"featured_media":182094,"comment_status":"open","ping_status":"open","sticky":false,"template":"","format":"standard","meta":{"ub_ctt_via":"","_mi_skip_tracking":false},"categories":[5],"tags":[25,10870,11084],"featured_image_src":"https:\/\/www.messinaoggi.it\/website\/wp-content\/uploads\/2023\/12\/albero-natale-messina-2023.jpg","author_info":{"display_name":"Redazione","author_link":"https:\/\/www.messinaoggi.it\/website\/author\/redazione\/"},"digistream_id":0,"digistream":false,"_links":{"self":[{"href":"https:\/\/www.messinaoggi.it\/website\/wp-json\/wp\/v2\/posts\/221415"}],"collection":[{"href":"https:\/\/www.messinaoggi.it\/website\/wp-json\/wp\/v2\/posts"}],"about":[{"href":"https:\/\/www.messinaoggi.it\/website\/wp-json\/wp\/v2\/types\/post"}],"author":[{"embeddable":true,"href":"https:\/\/www.messinaoggi.it\/website\/wp-json\/wp\/v2\/users\/2"}],"replies":[{"embeddable":true,"href":"https:\/\/www.messinaoggi.it\/website\/wp-json\/wp\/v2\/comments?post=221415"}],"version-history":[{"count":1,"href":"https:\/\/www.messinaoggi.it\/website\/wp-json\/wp\/v2\/posts\/221415\/revisions"}],"predecessor-version":[{"id":221416,"href":"https:\/\/www.messinaoggi.it\/website\/wp-json\/wp\/v2\/posts\/221415\/revisions\/221416"}],"wp:featuredmedia":[{"embeddable":true,"href":"https:\/\/www.messinaoggi.it\/website\/wp-json\/wp\/v2\/media\/182094"}],"wp:attachment":[{"href":"https:\/\/www.messinaoggi.it\/website\/wp-json\/wp\/v2\/media?parent=221415"}],"wp:term":[{"taxonomy":"category","embeddable":true,"href":"https:\/\/www.messinaoggi.it\/website\/wp-json\/wp\/v2\/categories?post=221415"},{"taxonomy":"post_tag","embeddable":true,"href":"https:\/\/www.messinaoggi.it\/website\/wp-json\/wp\/v2\/tags?post=221415"}],"curies":[{"name":"wp","href":"https:\/\/api.w.org\/{rel}","templated":true}]}}