{"id":221148,"date":"2024-12-05T13:05:43","date_gmt":"2024-12-05T12:05:43","guid":{"rendered":"https:\/\/www.messinaoggi.it\/website\/2024\/12\/05\/morto-lex-sindaco-di-milano-paolo-pillitteri\/"},"modified":"2024-12-05T13:05:43","modified_gmt":"2024-12-05T12:05:43","slug":"morto-lex-sindaco-di-milano-paolo-pillitteri","status":"publish","type":"post","link":"https:\/\/www.messinaoggi.it\/website\/2024\/12\/05\/morto-lex-sindaco-di-milano-paolo-pillitteri\/","title":{"rendered":"Morto l\u2019ex sindaco di Milano Paolo Pillitteri"},"content":{"rendered":"<div>MILANO (ITALPRESS) &#8211; E&#8217; morto nel giorno del suo 84esimo compleanno Paolo Pillitteri. A dare la notizia sui social il figlio Stefano. Esponente del Partito Socialista Italiano, Pillitteri era stato sindaco di Milano dal 1986 al 1992.<br \/>&#8220;Ha avuto un&#8217;esistenza assai ricca, nel bene e nel male. Ed \u00e8 ci\u00f2 che pi\u00f9 conta nel nostro passaggio terreno (anche se poteva essergli risparmiato un decennio di persecuzione giudiziaria). Ma ci\u00f2 che ancora pi\u00f9 conta \u00e8 che resta e rester\u00e0 nel cuore di tante persone. Ciao pap\u00e0. E buona vera vita. Se vedum&#8230;&#8221;, scrive il figlio su Facebook.<div id=\"div-gpt-ad-Messinaoggi.it-DSK-300x250-corpoart\" style=\"text-align:center;margin:0 auto;\"><\/div><\/p>\n<p>&#8211; Foto: Agenzia Fotogramma &#8211; <div id=\"videoincontent\" style=\"clear:both\";><\/div><\/p>\n<p>(ITALPRESS).<\/p><\/div>\n","protected":false},"excerpt":{"rendered":"<p>MILANO (ITALPRESS) &#8211; E&#8217; morto nel giorno del suo 84esimo compleanno Paolo Pillitteri. A dare la notizia sui social il figlio Stefano. Esponente del Partito Socialista Italiano, Pillitteri era stato sindaco di Milano dal 1986 al 1992.&#8220;Ha avuto un&#8217;esistenza assai ricca, nel bene e nel male. Ed \u00e8 ci\u00f2 che pi\u00f9 conta nel nostro passaggio [&hellip;]<\/p>\n","protected":false},"author":18,"featured_media":221149,"comment_status":"closed","ping_status":"closed","sticky":false,"template":"","format":"standard","meta":{"ub_ctt_via":"","_mi_skip_tracking":false},"categories":[446],"tags":[783],"featured_image_src":"https:\/\/www.messinaoggi.it\/website\/wp-content\/uploads\/2024\/12\/20241205_0279.jpg","author_info":{"display_name":"Admin","author_link":"https:\/\/www.messinaoggi.it\/website\/author\/admin\/"},"digistream_id":0,"digistream":false,"_links":{"self":[{"href":"https:\/\/www.messinaoggi.it\/website\/wp-json\/wp\/v2\/posts\/221148"}],"collection":[{"href":"https:\/\/www.messinaoggi.it\/website\/wp-json\/wp\/v2\/posts"}],"about":[{"href":"https:\/\/www.messinaoggi.it\/website\/wp-json\/wp\/v2\/types\/post"}],"author":[{"embeddable":true,"href":"https:\/\/www.messinaoggi.it\/website\/wp-json\/wp\/v2\/users\/18"}],"replies":[{"embeddable":true,"href":"https:\/\/www.messinaoggi.it\/website\/wp-json\/wp\/v2\/comments?post=221148"}],"version-history":[{"count":0,"href":"https:\/\/www.messinaoggi.it\/website\/wp-json\/wp\/v2\/posts\/221148\/revisions"}],"wp:featuredmedia":[{"embeddable":true,"href":"https:\/\/www.messinaoggi.it\/website\/wp-json\/wp\/v2\/media\/221149"}],"wp:attachment":[{"href":"https:\/\/www.messinaoggi.it\/website\/wp-json\/wp\/v2\/media?parent=221148"}],"wp:term":[{"taxonomy":"category","embeddable":true,"href":"https:\/\/www.messinaoggi.it\/website\/wp-json\/wp\/v2\/categories?post=221148"},{"taxonomy":"post_tag","embeddable":true,"href":"https:\/\/www.messinaoggi.it\/website\/wp-json\/wp\/v2\/tags?post=221148"}],"curies":[{"name":"wp","href":"https:\/\/api.w.org\/{rel}","templated":true}]}}