{"id":221142,"date":"2024-12-05T13:05:39","date_gmt":"2024-12-05T12:05:39","guid":{"rendered":"https:\/\/www.messinaoggi.it\/website\/2024\/12\/05\/mattarella-volontariato-preziosa-risorsa-per-la-coesione-sociale\/"},"modified":"2024-12-05T13:05:39","modified_gmt":"2024-12-05T12:05:39","slug":"mattarella-volontariato-preziosa-risorsa-per-la-coesione-sociale","status":"publish","type":"post","link":"https:\/\/www.messinaoggi.it\/website\/2024\/12\/05\/mattarella-volontariato-preziosa-risorsa-per-la-coesione-sociale\/","title":{"rendered":"Mattarella \u201cVolontariato preziosa risorsa per la coesione sociale\u201d"},"content":{"rendered":"<div>ROMA (ITALPRESS) &#8211; &#8220;Il volontariato rappresenta una preziosa risorsa per la coesione sociale della comunit\u00e0&#8221;. Lo dice il presidente della Repubblica, Sergio Mattarella, in occasione della Giornata Internazionale del Volontariato per lo Sviluppo Economico e Sociale. &#8220;Sfide di portata sempre pi\u00f9 ampia sono di fronte a noi e l&#8217;azione dei volontari si propone come un&#8217;efficace componente per affrontare scenari che rendono le nostre<br \/>societ\u00e0 pi\u00f9 fragili &#8211; aggiunge -. Il volontariato \u00e8 generosa espressione dei doveri inderogabili di solidariet\u00e0 economica e sociale sanciti dalla Costituzione. Come anche affermato dalle Nazioni Unite, il raggiungimento degli Obiettivi di Sviluppo Sostenibile necessita del contributo di ciascuna persona, che tramite il suo impegno volontario &#8220;diventa parte delle soluzioni&#8221;&#8221;. <br \/>&#8220;L&#8217;impegno a migliorare le societ\u00e0 contemporanee, proprio a tante espressioni associative del volontariato, indica e restituisce speranza e prospettive di rinascita anche nelle situazioni di avversit\u00e0 e calamit\u00e0 &#8211; continua il capo dello Stato -. La Repubblica \u00e8 grata per l&#8217;operato dei volontari che, con mirabile spirito di altruismo e collaborazione, prestano ogni giorno il loro inestimabile supporto&#8221;.<div id=\"div-gpt-ad-Messinaoggi.it-DSK-300x250-corpoart\" style=\"text-align:center;margin:0 auto;\"><\/div><\/p>\n<p>&#8211; foto: Agenzia Fotogramma &#8211;<br \/>(ITALPRESS).<\/div>\n<div id=\"videoincontent\" style=\"clear:both\";><\/div>","protected":false},"excerpt":{"rendered":"<p>ROMA (ITALPRESS) &#8211; &#8220;Il volontariato rappresenta una preziosa risorsa per la coesione sociale della comunit\u00e0&#8221;. Lo dice il presidente della Repubblica, Sergio Mattarella, in occasione della Giornata Internazionale del Volontariato per lo Sviluppo Economico e Sociale. &#8220;Sfide di portata sempre pi\u00f9 ampia sono di fronte a noi e l&#8217;azione dei volontari si propone come un&#8217;efficace [&hellip;]<\/p>\n","protected":false},"author":18,"featured_media":221143,"comment_status":"closed","ping_status":"closed","sticky":false,"template":"","format":"standard","meta":{"ub_ctt_via":"","_mi_skip_tracking":false},"categories":[446],"tags":[783],"featured_image_src":"https:\/\/www.messinaoggi.it\/website\/wp-content\/uploads\/2024\/12\/20241205_0123.jpg","author_info":{"display_name":"Admin","author_link":"https:\/\/www.messinaoggi.it\/website\/author\/admin\/"},"digistream_id":0,"digistream":false,"_links":{"self":[{"href":"https:\/\/www.messinaoggi.it\/website\/wp-json\/wp\/v2\/posts\/221142"}],"collection":[{"href":"https:\/\/www.messinaoggi.it\/website\/wp-json\/wp\/v2\/posts"}],"about":[{"href":"https:\/\/www.messinaoggi.it\/website\/wp-json\/wp\/v2\/types\/post"}],"author":[{"embeddable":true,"href":"https:\/\/www.messinaoggi.it\/website\/wp-json\/wp\/v2\/users\/18"}],"replies":[{"embeddable":true,"href":"https:\/\/www.messinaoggi.it\/website\/wp-json\/wp\/v2\/comments?post=221142"}],"version-history":[{"count":0,"href":"https:\/\/www.messinaoggi.it\/website\/wp-json\/wp\/v2\/posts\/221142\/revisions"}],"wp:featuredmedia":[{"embeddable":true,"href":"https:\/\/www.messinaoggi.it\/website\/wp-json\/wp\/v2\/media\/221143"}],"wp:attachment":[{"href":"https:\/\/www.messinaoggi.it\/website\/wp-json\/wp\/v2\/media?parent=221142"}],"wp:term":[{"taxonomy":"category","embeddable":true,"href":"https:\/\/www.messinaoggi.it\/website\/wp-json\/wp\/v2\/categories?post=221142"},{"taxonomy":"post_tag","embeddable":true,"href":"https:\/\/www.messinaoggi.it\/website\/wp-json\/wp\/v2\/tags?post=221142"}],"curies":[{"name":"wp","href":"https:\/\/api.w.org\/{rel}","templated":true}]}}