{"id":221089,"date":"2024-12-05T10:19:45","date_gmt":"2024-12-05T09:19:45","guid":{"rendered":"http:\/\/www.messinaoggi.it\/website\/?p=221089"},"modified":"2024-12-05T10:19:46","modified_gmt":"2024-12-05T09:19:46","slug":"convegno-del-mtb-sulle-comunita-siciliane-emigrate","status":"publish","type":"post","link":"https:\/\/www.messinaoggi.it\/website\/2024\/12\/05\/convegno-del-mtb-sulle-comunita-siciliane-emigrate\/","title":{"rendered":"Convegno del MTB sulle comunit\u00e0 siciliane emigrate"},"content":{"rendered":"\n<p>Riscoprire il valore delle comunit\u00e0 siciliane emigrate nel mondo, mettere in rete le realt\u00e0 associative che curano i rapporti con gli italo discendenti all\u2019estero ed infine creare una forte interazione tra il Turismo delle radici e le politiche turistiche. Sono questi gli spunti di riflessione emersi dal convegno \u201cMemoria Identit\u00e0 Ritorno\u201d che si \u00e8 tenuto nell\u2019Aula Cannizzaro dell\u2019Universit\u00e0 di Messina, organizzato dal Messina Tourism Bureau per fare il punto dello stato dell\u2019arte del turismo delle radici in Sicilia.<div id=\"div-gpt-ad-Messinaoggi.it-DSK-300x250-corpoart\" style=\"text-align:center;margin:0 auto;\"><\/div><\/p>\n\n\n\n<p>\u201c<em>Il turista delle radici non viaggia per vedere ma per sentire, provare emozioni\u201d<\/em>, \u00e8 questo il punto di partenza per investire sulle potenzialit\u00e0 del settore e sulla necessit\u00e0 di creare sinergie, valorizzare strumenti operativi per far s\u00ec che gli 80 milioni di italo discendenti nel mondo ritrovino i luoghi dei loro avi e riallaccino legami profondi con la cultura, le tradizioni, l\u2019identit\u00e0 delle terre di origine. Nel portare i saluti il sindaco Federico Basile ha sottolineato l\u2019importanza strategica della Rete Metropolitana dei Comuni per il Turismo delle radici, promossa da MTB e che sta diventando un modello operativo per altre realt\u00e0 siciliane e non solo. <div id=\"videoincontent\" style=\"clear:both\";><\/div><\/p>\n\n\n\n<p>Ad introdurre i lavori sono stati il professor Filippo Grasso che ha annunciato una serie di iniziative sul turismo delle radici che si terranno nel 2025 ed il presidente di MTB Gaetano Majolino che ha rilevato come la positiva esperienza della Rete Metropolitana debba essere consolidata nei prossimi anni. I siculo discendenti nel mondo sono oltre 5 milioni, per questo \u00e8 importante sensibilizzare le comunit\u00e0 locali sul tema dell\u2019emigrazione e  creare sui territori un&#8217;offerta turistica mirata e integrata rivolta ai viaggiatori delle radici. L\u2019obiettivo \u00e8 accogliere chi viaggia per riscoprire le proprie origini, ritrovare luoghi, tradizioni, culture, identit\u00e0 che sono stati dei propri avi che hanno affrontato gli innumerevoli sentieri delle emigrazioni.<\/p>\n\n\n\n<p>Il coordinatore nazionale Turismo delle radici Giovanni De Vita ha illustrato i grandi numeri registrati da Italea, la piattaforma del ministero degli Affari Esteri per promuovere il settore e che fornisce servizi, informazioni, risponde a richieste su alberi genealogici ed itinerari destinati ai \u201cviaggiatori alla scoperta delle origini\u201d. <\/p>\n\n\n\n<p>Nel corso del dibattito sono stati approfonditi gli aspetti legati all\u2019economia del turismo di ritorno,  all\u2019esigenza della formazione degli operatori del settore e della digitalizzazione dei comuni. Toccante \u00e8 stata la testimonianza di Filippo Ricciardi, sindaco di Limina, figlio di emigranti e primo cittadino di un paese che ha 731 residenti ma oltre 1300 iscritti all\u2019Aire (l\u2019anagrafe degli italiani nel mondo). Le sinergie sono indispensabili come emerso dall\u2019intervento del professor Marcello Saija, direttore del Museo dell\u2019emigrazione e dei rappresentanti delle agenzie di viaggio e degli operatori turistici.<\/p>\n\n\n\n<p>In questo senso la Rete Metropolitana dei Comuni per il Turismo delle Radici in meno di un anno \u00e8 diventato uno strumento operativo ed un modello di governance che ha riscosso l\u2019interesse  di tante altre realt\u00e0 territoriali e che si propone di dare stabilit\u00e0 ad un settore importante anche negli anni a seguire.<\/p>\n\n\n\n<p>Un dibattito articolato che si \u00e8 avvalso degli interventi anche del professor Fabrizio Antolini (past president Sistur), Maurizio Giambalvo (coordinatore regionale Italea), di Fabrizio Ferreri e Marco Platania (Universit\u00e0 di Catania), Nicola Salerno (Fiavet), Giuseppe Terranova (Universit\u00e0 di Messina). <\/p>\n","protected":false},"excerpt":{"rendered":"<p>Riscoprire il valore delle comunit\u00e0 siciliane emigrate nel mondo, mettere in rete le realt\u00e0 associative che curano i rapporti con gli italo discendenti all\u2019estero ed infine creare una forte interazione tra il Turismo delle radici e le politiche turistiche. Sono questi gli spunti di riflessione emersi dal convegno \u201cMemoria Identit\u00e0 Ritorno\u201d che si \u00e8 tenuto [&hellip;]<\/p>\n","protected":false},"author":2,"featured_media":221090,"comment_status":"open","ping_status":"open","sticky":false,"template":"","format":"standard","meta":{"ub_ctt_via":"","_mi_skip_tracking":false},"categories":[5],"tags":[11055,11054,11057,10421,11056],"featured_image_src":"https:\/\/www.messinaoggi.it\/website\/wp-content\/uploads\/2024\/12\/0-1.jpg","author_info":{"display_name":"Redazione","author_link":"https:\/\/www.messinaoggi.it\/website\/author\/redazione\/"},"digistream_id":0,"digistream":false,"_links":{"self":[{"href":"https:\/\/www.messinaoggi.it\/website\/wp-json\/wp\/v2\/posts\/221089"}],"collection":[{"href":"https:\/\/www.messinaoggi.it\/website\/wp-json\/wp\/v2\/posts"}],"about":[{"href":"https:\/\/www.messinaoggi.it\/website\/wp-json\/wp\/v2\/types\/post"}],"author":[{"embeddable":true,"href":"https:\/\/www.messinaoggi.it\/website\/wp-json\/wp\/v2\/users\/2"}],"replies":[{"embeddable":true,"href":"https:\/\/www.messinaoggi.it\/website\/wp-json\/wp\/v2\/comments?post=221089"}],"version-history":[{"count":1,"href":"https:\/\/www.messinaoggi.it\/website\/wp-json\/wp\/v2\/posts\/221089\/revisions"}],"predecessor-version":[{"id":221091,"href":"https:\/\/www.messinaoggi.it\/website\/wp-json\/wp\/v2\/posts\/221089\/revisions\/221091"}],"wp:featuredmedia":[{"embeddable":true,"href":"https:\/\/www.messinaoggi.it\/website\/wp-json\/wp\/v2\/media\/221090"}],"wp:attachment":[{"href":"https:\/\/www.messinaoggi.it\/website\/wp-json\/wp\/v2\/media?parent=221089"}],"wp:term":[{"taxonomy":"category","embeddable":true,"href":"https:\/\/www.messinaoggi.it\/website\/wp-json\/wp\/v2\/categories?post=221089"},{"taxonomy":"post_tag","embeddable":true,"href":"https:\/\/www.messinaoggi.it\/website\/wp-json\/wp\/v2\/tags?post=221089"}],"curies":[{"name":"wp","href":"https:\/\/api.w.org\/{rel}","templated":true}]}}