{"id":221084,"date":"2024-12-05T10:10:16","date_gmt":"2024-12-05T09:10:16","guid":{"rendered":"http:\/\/www.messinaoggi.it\/website\/?p=221084"},"modified":"2024-12-05T10:10:18","modified_gmt":"2024-12-05T09:10:18","slug":"messa-di-natale-per-gli-operatori-della-sanita","status":"publish","type":"post","link":"https:\/\/www.messinaoggi.it\/website\/2024\/12\/05\/messa-di-natale-per-gli-operatori-della-sanita\/","title":{"rendered":"Messa di Natale per gli operatori della Sanit\u00e0"},"content":{"rendered":"\n<p>In vista delle Festivit\u00e0 Natalizie, per la prima volta a Messina, le Aziende Sanitarie, in collaborazione con l\u2019Arcidiocesi di Messina-Lipari- Santa Lucia del Mela, organizzano in Cattedrale una Santa Messa gioved\u00ec 12 dicembre, alle ore 18:00.<div id=\"div-gpt-ad-Messinaoggi.it-DSK-300x250-corpoart\" style=\"text-align:center;margin:0 auto;\"><\/div><\/p>\n\n\n\n<p>La Celebrazione Eucaristica officiata da S.E. Rev.ma l\u2019Arcivescovo Monsignor Giovanni Accolla vuole rappresentare un momento di raccoglimento, preghiera e riflessione, invitando la comunit\u00e0 messinese a prendersi cura gli uni degli altri, in particolare di coloro che vivono condizioni di sofferenza fisica.<div id=\"videoincontent\" style=\"clear:both\";><\/div><\/p>\n\n\n\n<p>Un\u2019occasione per ricordare al tempo stesso l\u2019importanza del lavoro profuso ogni giorno dagli operatori sanitari che su pi\u00f9 livelli, ciascuno con le proprie competenze, rispondono alle esigenze di salute dei cittadini. La celebrazione sar\u00e0 anche un\u2019opportunit\u00e0 per dare spazio alla solidariet\u00e0 con una raccolta fondi promossa per sostenere il consueto pranzo di Natale organizzato dalla Comunit\u00e0 di Sant\u2019Egidio di Messina.<\/p>\n","protected":false},"excerpt":{"rendered":"<p>In vista delle Festivit\u00e0 Natalizie, per la prima volta a Messina, le Aziende Sanitarie, in collaborazione con l\u2019Arcidiocesi di Messina-Lipari- Santa Lucia del Mela, organizzano in Cattedrale una Santa Messa gioved\u00ec 12 dicembre, alle ore 18:00. La Celebrazione Eucaristica officiata da S.E. Rev.ma l\u2019Arcivescovo Monsignor Giovanni Accolla vuole rappresentare un momento di raccoglimento, preghiera e [&hellip;]<\/p>\n","protected":false},"author":2,"featured_media":58396,"comment_status":"open","ping_status":"open","sticky":false,"template":"","format":"standard","meta":{"ub_ctt_via":"","_mi_skip_tracking":false},"categories":[5],"tags":[2322,11051,10870,11052],"featured_image_src":"https:\/\/www.messinaoggi.it\/website\/wp-content\/uploads\/2021\/04\/duomo-messina.jpg","author_info":{"display_name":"Redazione","author_link":"https:\/\/www.messinaoggi.it\/website\/author\/redazione\/"},"digistream_id":0,"digistream":false,"_links":{"self":[{"href":"https:\/\/www.messinaoggi.it\/website\/wp-json\/wp\/v2\/posts\/221084"}],"collection":[{"href":"https:\/\/www.messinaoggi.it\/website\/wp-json\/wp\/v2\/posts"}],"about":[{"href":"https:\/\/www.messinaoggi.it\/website\/wp-json\/wp\/v2\/types\/post"}],"author":[{"embeddable":true,"href":"https:\/\/www.messinaoggi.it\/website\/wp-json\/wp\/v2\/users\/2"}],"replies":[{"embeddable":true,"href":"https:\/\/www.messinaoggi.it\/website\/wp-json\/wp\/v2\/comments?post=221084"}],"version-history":[{"count":1,"href":"https:\/\/www.messinaoggi.it\/website\/wp-json\/wp\/v2\/posts\/221084\/revisions"}],"predecessor-version":[{"id":221085,"href":"https:\/\/www.messinaoggi.it\/website\/wp-json\/wp\/v2\/posts\/221084\/revisions\/221085"}],"wp:featuredmedia":[{"embeddable":true,"href":"https:\/\/www.messinaoggi.it\/website\/wp-json\/wp\/v2\/media\/58396"}],"wp:attachment":[{"href":"https:\/\/www.messinaoggi.it\/website\/wp-json\/wp\/v2\/media?parent=221084"}],"wp:term":[{"taxonomy":"category","embeddable":true,"href":"https:\/\/www.messinaoggi.it\/website\/wp-json\/wp\/v2\/categories?post=221084"},{"taxonomy":"post_tag","embeddable":true,"href":"https:\/\/www.messinaoggi.it\/website\/wp-json\/wp\/v2\/tags?post=221084"}],"curies":[{"name":"wp","href":"https:\/\/api.w.org\/{rel}","templated":true}]}}