{"id":221064,"date":"2024-12-04T21:05:44","date_gmt":"2024-12-04T20:05:44","guid":{"rendered":"https:\/\/www.messinaoggi.it\/website\/2024\/12\/04\/meloni-si-congratula-con-orban-per-presidenza-semestre-consiglio-ue\/"},"modified":"2024-12-04T21:05:44","modified_gmt":"2024-12-04T20:05:44","slug":"meloni-si-congratula-con-orban-per-presidenza-semestre-consiglio-ue","status":"publish","type":"post","link":"https:\/\/www.messinaoggi.it\/website\/2024\/12\/04\/meloni-si-congratula-con-orban-per-presidenza-semestre-consiglio-ue\/","title":{"rendered":"Meloni si congratula con Orban per Presidenza semestre consiglio UE"},"content":{"rendered":"<div>ROMA (ITALPRESS) &#8211;  Il Presidente del Consiglio dei Ministri della Repubblica Italiana, Giorgia Meloni, e il Primo Ministro dell&#8217;Ungheria, Viktor Orb\u00e0n, hanno avuto un incontro oggi a Palazzo Chigi. Il Presidente del Consiglio Meloni si \u00e8 congratulata con il Primo Ministro Orb\u00e0n per la riuscita della Presidenza semestrale di turno del Consiglio dell&#8217;Unione europea, in particolare per l&#8217;adozione della dichiarazione di Budapest sulla competitivit\u00e0, oltre all&#8217;apertura del primo capitolo dei negoziati di adesione con l&#8217;Albania e i progressi fatti con Bulgaria e Romania per quanto riguarda l&#8217;ampliamento dell&#8217;area Schengen. Facendo seguito ai colloqui nel corso dell&#8217;ultima visita a Roma del Primo Ministro Orb\u00e0n lo scorso giugno, i due Leader hanno ribadito l&#8217;impegno a promuovere ulteriormente il partenariato bilaterale. Hanno espresso soddisfazione per i proficui rapporti commerciali (scambi dal valore di 14 miliardi di euro nel 2023), e la volont\u00e0 di rafforzare ulteriormente gli investimenti e il commercio, soprattutto nei settori delle infrastrutture e dell&#8217;energia.<br \/>I due Capi di Governo confidano di continuare a rafforzare il dialogo politico e a coordinarsi reciprocamente sui principali temi internazionali. In particolare, hanno discusso della situazione in Medio Oriente, del loro sostegno a una pace giusta e duratura in Ucraina basata sui principi della Carta delle Nazioni Unite e del diritto internazionale, e del loro impegno per la ricostruzione in vista della prossima Ukraine Recovery Conference che sar\u00e0 ospitata dall&#8217;Italia nel luglio 2025.<br \/>I due Leader hanno espresso soddisfazione per l&#8217;eccellente livello di cooperazione raggiunto in ambito NATO nei settori della sicurezza e della difesa, in particolare attraverso il supporto al battaglione multinazionale a guida ungherese da parte delle Forze Armate italiane (260 soldati). Hanno confermato che continueranno a garantire la presenza a supporto delle iniziative della NATO e dell&#8217;UE per la stabilizzazione dei Balcani occidentali, e hanno ribadito il loro forte sostegno al processo di allargamento dei Paesi della regione.<br \/>L&#8217;incontro ha inoltre permesso di riaffermare l&#8217;importanza di contrastare la migrazione irregolare. I due Capi di Governo hanno auspicato un rafforzamento della cooperazione con i Paesi di origine e di transito, per affrontare le cause profonde e per combattere il traffico e la tratta di essere umani al fine di prevenire perdite di vite e le partenze irregolari. In particolare, hanno condiviso l&#8217;urgenza di un quadro giuridico aggiornato per facilitare, aumentare ed accelerare i rimpatri dall&#8217;Unione europea, con particolare attenzione al consolidamento del concetto di Paesi di origine sicuri. Infine, hanno sottolineato l&#8217;importanza di esplorare nuove modalit\u00e0 per prevenire e contrastare la migrazione irregolare, nel rispetto del diritto UE e internazionale, sulla base del percorso avviato dall&#8217;accordo Italia-Albania.<div id=\"div-gpt-ad-Messinaoggi.it-DSK-300x250-corpoart\" style=\"text-align:center;margin:0 auto;\"><\/div><\/p>\n<p>&#8211; foto: ufficio stampa Palazzo Chigi<div id=\"videoincontent\" style=\"clear:both\";><\/div><\/p>\n<p>(ITALPRESS).<\/p><\/div>\n","protected":false},"excerpt":{"rendered":"<p>ROMA (ITALPRESS) &#8211; Il Presidente del Consiglio dei Ministri della Repubblica Italiana, Giorgia Meloni, e il Primo Ministro dell&#8217;Ungheria, Viktor Orb\u00e0n, hanno avuto un incontro oggi a Palazzo Chigi. Il Presidente del Consiglio Meloni si \u00e8 congratulata con il Primo Ministro Orb\u00e0n per la riuscita della Presidenza semestrale di turno del Consiglio dell&#8217;Unione europea, in [&hellip;]<\/p>\n","protected":false},"author":18,"featured_media":221065,"comment_status":"closed","ping_status":"closed","sticky":false,"template":"","format":"standard","meta":{"ub_ctt_via":"","_mi_skip_tracking":false},"categories":[446],"tags":[783],"featured_image_src":"https:\/\/www.messinaoggi.it\/website\/wp-content\/uploads\/2024\/12\/20241204_2260.jpg","author_info":{"display_name":"Admin","author_link":"https:\/\/www.messinaoggi.it\/website\/author\/admin\/"},"digistream_id":0,"digistream":false,"_links":{"self":[{"href":"https:\/\/www.messinaoggi.it\/website\/wp-json\/wp\/v2\/posts\/221064"}],"collection":[{"href":"https:\/\/www.messinaoggi.it\/website\/wp-json\/wp\/v2\/posts"}],"about":[{"href":"https:\/\/www.messinaoggi.it\/website\/wp-json\/wp\/v2\/types\/post"}],"author":[{"embeddable":true,"href":"https:\/\/www.messinaoggi.it\/website\/wp-json\/wp\/v2\/users\/18"}],"replies":[{"embeddable":true,"href":"https:\/\/www.messinaoggi.it\/website\/wp-json\/wp\/v2\/comments?post=221064"}],"version-history":[{"count":0,"href":"https:\/\/www.messinaoggi.it\/website\/wp-json\/wp\/v2\/posts\/221064\/revisions"}],"wp:featuredmedia":[{"embeddable":true,"href":"https:\/\/www.messinaoggi.it\/website\/wp-json\/wp\/v2\/media\/221065"}],"wp:attachment":[{"href":"https:\/\/www.messinaoggi.it\/website\/wp-json\/wp\/v2\/media?parent=221064"}],"wp:term":[{"taxonomy":"category","embeddable":true,"href":"https:\/\/www.messinaoggi.it\/website\/wp-json\/wp\/v2\/categories?post=221064"},{"taxonomy":"post_tag","embeddable":true,"href":"https:\/\/www.messinaoggi.it\/website\/wp-json\/wp\/v2\/tags?post=221064"}],"curies":[{"name":"wp","href":"https:\/\/api.w.org\/{rel}","templated":true}]}}