{"id":221002,"date":"2024-12-04T17:05:42","date_gmt":"2024-12-04T16:05:42","guid":{"rendered":"https:\/\/www.messinaoggi.it\/website\/2024\/12\/04\/rapporto-aletheia-linattivita-fisica-costa-1mld-lanno-allitalia\/"},"modified":"2024-12-04T17:05:42","modified_gmt":"2024-12-04T16:05:42","slug":"rapporto-aletheia-linattivita-fisica-costa-1mld-lanno-allitalia","status":"publish","type":"post","link":"https:\/\/www.messinaoggi.it\/website\/2024\/12\/04\/rapporto-aletheia-linattivita-fisica-costa-1mld-lanno-allitalia\/","title":{"rendered":"Rapporto Aletheia: l\u2019inattivit\u00e0 fisica costa 1mld l\u2019anno all\u2019Italia"},"content":{"rendered":"<div>ROMA (ITALPRESS) &#8211; L&#8217;inattivit\u00e0 fisica \u00e8 un fenomeno in crescita a livello globale, passando dal 26% delle persone inattive nel 2010 al 31% nel 2020. Se il trend non si invertir\u00e0, si stima che nel 2030 si arriver\u00e0 al 35%. Per quanto riguarda l&#8217;Italia, l&#8217;inattivit\u00e0 fisica costa al nostro Paese un miliardo di euro all&#8217;anno, con un impatto globale che potrebbe superare i 300 miliardi a livello globale nel 2030. Sono i dati che emergono dal rapporto di Aletheia presentato nel corso dell&#8217;evento &#8220;Cibo e Sport &#8211; Un connubio perfetto per la salute&#8221; al Senato. Nel nostro Paese, nonostante il 31,5% degli adulti sia sedentario, si segnala un trend positivo per la partecipazione alla pratica sportiva, con il 57,7% dei giovani tra i 16 e i 24 anni attivi e una crescita negli over 65 dal 6,7% del 2003 al 16,4% del 2023. &#8220;Se non investiamo in prevenzione, il sistema sanitario nazionale alla lunga non potr\u00e0 reggere. Lo sport \u00e8 una terapia potente per il benessere psicofisico e la capacit\u00e0 attrattiva dei campioni \u00e8 una leva che va sfruttata. La cultura del benessere e della prevenzione sono pilastri su cui si basa il presente ma soprattutto il futuro&#8221;, ha spiegato il ministro della Salute, Orazio Schillaci.<br \/>\n&#8220;La disinformazione che riguarda il cibo tende a destabilizzare i pilastri del buon vivere. Aletheia affonda le radici in una ricerca libera e autonoma, un lavoro scientifico, curato con grandissima particolarit\u00e0 da professionisti preziosi, e continueremo a lavorare in questa direzione&#8221;, ha dichiarato il presidente della fondazione, Stefano Lucchini, mentre il presidente del comitato scientifico di Aletheia, Antonio Gasbarrini, ha avvertito: &#8220;Nella nostra pratica giornaliera vediamo che qualcosa nel sistema \u00e8 andato in cortocircuito. La dieta mediterranea \u00e8 la cosa migliore e non c&#8217;\u00e8 dubbio, ma noi non la seguiamo pi\u00f9. C&#8217;\u00e8 un boom di alimenti non naturali che hanno spinto l&#8217;obesit\u00e0, met\u00e0 dei ragazzini assume la met\u00e0 delle calorie giornaliere da alimenti non naturali, portando l&#8217;obesit\u00e0 giovanile in Italia al 10-15%. Questo fa s\u00ec che a 40 anni tutti hanno una o pi\u00f9 malattie&#8221;. Per quanto riguarda i novel foods, &#8220;siamo entusiasti, ma va verificata la loro sicurezza nel medio-termine. Prima la sicurezza, poi certamente possono entrare nel mercato. Altrimenti, quello che chiederemo \u00e8 che nella met\u00e0 degli alimenti in un supermercato venga scritto &#8216;nuoce gravemente alla salut\u00e8, come per i pacchetti di sigarette&#8221;.<br \/>\nPresente anche il presidente del Senato, Ignazio La Russa, che ha sottolineato come quello del rapporto tra cibo e salute \u00e8 &#8220;un tema che tocca tutti da vicino. Forse non ci rendiamo conto di quanto siamo fortunati a vivere in Italia, in ogni parte del mondo il connubio Italia-cibo \u00e8 automatico. E poi, guai a non fare sport, \u00e8 bene che a ogni et\u00e0 si dedichi tempo allo sport, anch&#8217;io prometto di riattaccare la spina alla cyclette&#8221;.<br \/>\n&#8211; Foto ufficio stampa Fondazione Aletheia &#8211;<br \/>\n(ITALPRESS).<\/div>\n<div id=\"div-gpt-ad-Messinaoggi.it-DSK-300x250-corpoart\" style=\"text-align:center;margin:0 auto;\"><\/div><\/p><div id=\"videoincontent\" style=\"clear:both\";><\/div>","protected":false},"excerpt":{"rendered":"<p>ROMA (ITALPRESS) &#8211; L&#8217;inattivit\u00e0 fisica \u00e8 un fenomeno in crescita a livello globale, passando dal 26% delle persone inattive nel 2010 al 31% nel 2020. Se il trend non si invertir\u00e0, si stima che nel 2030 si arriver\u00e0 al 35%. Per quanto riguarda l&#8217;Italia, l&#8217;inattivit\u00e0 fisica costa al nostro Paese un miliardo di euro all&#8217;anno, [&hellip;]<\/p>\n","protected":false},"author":18,"featured_media":221003,"comment_status":"closed","ping_status":"closed","sticky":false,"template":"","format":"standard","meta":{"ub_ctt_via":"","_mi_skip_tracking":false},"categories":[446],"tags":[783],"featured_image_src":"https:\/\/www.messinaoggi.it\/website\/wp-content\/uploads\/2024\/12\/20241204_0867.jpg","author_info":{"display_name":"Admin","author_link":"https:\/\/www.messinaoggi.it\/website\/author\/admin\/"},"digistream_id":0,"digistream":false,"_links":{"self":[{"href":"https:\/\/www.messinaoggi.it\/website\/wp-json\/wp\/v2\/posts\/221002"}],"collection":[{"href":"https:\/\/www.messinaoggi.it\/website\/wp-json\/wp\/v2\/posts"}],"about":[{"href":"https:\/\/www.messinaoggi.it\/website\/wp-json\/wp\/v2\/types\/post"}],"author":[{"embeddable":true,"href":"https:\/\/www.messinaoggi.it\/website\/wp-json\/wp\/v2\/users\/18"}],"replies":[{"embeddable":true,"href":"https:\/\/www.messinaoggi.it\/website\/wp-json\/wp\/v2\/comments?post=221002"}],"version-history":[{"count":0,"href":"https:\/\/www.messinaoggi.it\/website\/wp-json\/wp\/v2\/posts\/221002\/revisions"}],"wp:featuredmedia":[{"embeddable":true,"href":"https:\/\/www.messinaoggi.it\/website\/wp-json\/wp\/v2\/media\/221003"}],"wp:attachment":[{"href":"https:\/\/www.messinaoggi.it\/website\/wp-json\/wp\/v2\/media?parent=221002"}],"wp:term":[{"taxonomy":"category","embeddable":true,"href":"https:\/\/www.messinaoggi.it\/website\/wp-json\/wp\/v2\/categories?post=221002"},{"taxonomy":"post_tag","embeddable":true,"href":"https:\/\/www.messinaoggi.it\/website\/wp-json\/wp\/v2\/tags?post=221002"}],"curies":[{"name":"wp","href":"https:\/\/api.w.org\/{rel}","templated":true}]}}