{"id":220998,"date":"2024-12-04T17:05:39","date_gmt":"2024-12-04T16:05:39","guid":{"rendered":"https:\/\/www.messinaoggi.it\/website\/2024\/12\/04\/fondazione-abertis-per-i-25-anni-evento-con-re-felipe-vi-e-a-benetton\/"},"modified":"2024-12-04T17:05:39","modified_gmt":"2024-12-04T16:05:39","slug":"fondazione-abertis-per-i-25-anni-evento-con-re-felipe-vi-e-a-benetton","status":"publish","type":"post","link":"https:\/\/www.messinaoggi.it\/website\/2024\/12\/04\/fondazione-abertis-per-i-25-anni-evento-con-re-felipe-vi-e-a-benetton\/","title":{"rendered":"Fondazione Abertis, per i 25 anni evento con Re Felipe VI e A. Benetton"},"content":{"rendered":"<div>MADRID (SPAGNA) (ITALPRESS) &#8211; La Fondazione Abertis ha celebrato il suo 25\u00b0 anniversario con un evento commemorativo tenutosi presso il C\u00ecrculo de Bellas Artes di Madrid, presieduto da Sua Maest\u00e0 il Re Felipe VI e con la partecipazione del Ministro per l&#8217;Inclusione, la Sicurezza Sociale e la Migrazione, Elma Saiz; la Presidente della Fondazione Abertis, Elena Salgado; il Presidente di Abertis, Juan Santamar\u00eca; l&#8217;Amministratore Delegato di Abertis, Jos\u00e8 Aljaro; il Presidente di ACS, Florentino P\u00e8rez; il Vicepresidente di Mundys, Alessandro Benetton; nonch\u00e8 gli Amministratori della Fondazione, Miquel Roca, Jose Mayor Oreja e Fabio Corsico. Erano presenti anche personalit\u00e0 della societ\u00e0 civile che hanno partecipato alle iniziative della Fondazione Abertis nei suoi 25 anni di attivit\u00e0.<br \/>&#8220;La vocazione al servizio, la promozione dell&#8217;innovazione, la trasmissione delle conoscenze e il progresso sociale sono stati i valori pi\u00f9 significativi che hanno caratterizzato il lavoro della Fondazione Abertis nel corso degli anni. La nostra volont\u00e0 \u00e8 quella di mantenere questo impegno per progredire verso un modello di societ\u00e0 e di convivenza pi\u00f9 inclusivo, pi\u00f9 sostenibile e pi\u00f9 equo per tutti&#8221;, ha dichiarato la Presidente della Fondazione Abertis, Elena Salgado, che ha anche partecipato all&#8217;evento per celebrare questo anniversario.<br \/>&#8220;Grazie alla sua esperienza, Abertis rappresenta un valore prezioso per la sua fondazione. Dopo oltre 60 anni di attivit\u00e0, il suo contributo di inestimabili conoscenze consente alla Fondazione Abertis di realizzare progetti che facilitano la transizione verso una mobilit\u00e0 pi\u00f9 efficiente e sostenibile&#8221;, ha dichiarato il Presidente di Abertis Juan Santamar\u00eca durante il suo intervento. &#8220;Crediamo in un futuro in cui entit\u00e0 come la Fondazione Abertis continueranno a svolgere un ruolo importante nella societ\u00e0, contribuendo a migliorare la qualit\u00e0 della vita dei cittadini&#8221;.<br \/>L&#8217;incontro, condotto da Judith Masc\u00f2, ha celebrato l&#8217;impatto della Fondazione Abertis ripercorrendo le principali iniziative e alleanze sviluppate dalla sua creazione nel 1999.<br \/>La Fondazione Abertis ha contribuito allo sviluppo sostenibile dei territori in cui Abertis opera, in aree quali la sicurezza stradale, l&#8217;ambiente, l&#8217;azione sociale e la cultura, attraverso progetti in pi\u00f9 di 10 Paesi. In questi anni, la Fondazione ha promosso alleanze strategiche in tutto il mondo, con partner come l&#8217;UNICEF e l&#8217;UNESCO, con un impatto particolare in Paesi come Spagna, Brasile, India, Messico, Cile, Italia e Francia, tra gli altri. Nel campo dell&#8217;istruzione, la Fondazione Abertis ha concesso borse di studio a pi\u00f9 di 700 studenti in tutto il mondo, e oltre 200 ricercatori sono stati premiati attraverso la Rete internazionale delle Cattedre Abertis. Grazie alla stretta collaborazione con l&#8217;amministrazione e con enti culturali come l&#8217;Agenzia Spagnola per la Cooperazione allo Sviluppo Internazionale (AECID), la Fondazione Abertis ha portato le opere di alcuni dei pi\u00f9 importanti artisti spagnoli come Joan Mir\u00f2, Pablo Picasso, Salvador Dal\u00ec, Diego Vel\u00e0zquez e Antoni Gaud\u00ec in territori come Francia, Italia, Stati Uniti, Argentina, India, Portorico, Brasile e Cile.<div id=\"div-gpt-ad-Messinaoggi.it-DSK-300x250-corpoart\" style=\"text-align:center;margin:0 auto;\"><\/div><\/p>\n<p>&#8211; foto ufficio stampa Mundys &#8211;<br \/>(ITALPRESS).<\/div>\n<div id=\"videoincontent\" style=\"clear:both\";><\/div>","protected":false},"excerpt":{"rendered":"<p>MADRID (SPAGNA) (ITALPRESS) &#8211; La Fondazione Abertis ha celebrato il suo 25\u00b0 anniversario con un evento commemorativo tenutosi presso il C\u00ecrculo de Bellas Artes di Madrid, presieduto da Sua Maest\u00e0 il Re Felipe VI e con la partecipazione del Ministro per l&#8217;Inclusione, la Sicurezza Sociale e la Migrazione, Elma Saiz; la Presidente della Fondazione Abertis, [&hellip;]<\/p>\n","protected":false},"author":18,"featured_media":220999,"comment_status":"closed","ping_status":"closed","sticky":false,"template":"","format":"standard","meta":{"ub_ctt_via":"","_mi_skip_tracking":false},"categories":[446],"tags":[783],"featured_image_src":"https:\/\/www.messinaoggi.it\/website\/wp-content\/uploads\/2024\/12\/20241204_0745.jpg","author_info":{"display_name":"Admin","author_link":"https:\/\/www.messinaoggi.it\/website\/author\/admin\/"},"digistream_id":0,"digistream":false,"_links":{"self":[{"href":"https:\/\/www.messinaoggi.it\/website\/wp-json\/wp\/v2\/posts\/220998"}],"collection":[{"href":"https:\/\/www.messinaoggi.it\/website\/wp-json\/wp\/v2\/posts"}],"about":[{"href":"https:\/\/www.messinaoggi.it\/website\/wp-json\/wp\/v2\/types\/post"}],"author":[{"embeddable":true,"href":"https:\/\/www.messinaoggi.it\/website\/wp-json\/wp\/v2\/users\/18"}],"replies":[{"embeddable":true,"href":"https:\/\/www.messinaoggi.it\/website\/wp-json\/wp\/v2\/comments?post=220998"}],"version-history":[{"count":0,"href":"https:\/\/www.messinaoggi.it\/website\/wp-json\/wp\/v2\/posts\/220998\/revisions"}],"wp:featuredmedia":[{"embeddable":true,"href":"https:\/\/www.messinaoggi.it\/website\/wp-json\/wp\/v2\/media\/220999"}],"wp:attachment":[{"href":"https:\/\/www.messinaoggi.it\/website\/wp-json\/wp\/v2\/media?parent=220998"}],"wp:term":[{"taxonomy":"category","embeddable":true,"href":"https:\/\/www.messinaoggi.it\/website\/wp-json\/wp\/v2\/categories?post=220998"},{"taxonomy":"post_tag","embeddable":true,"href":"https:\/\/www.messinaoggi.it\/website\/wp-json\/wp\/v2\/tags?post=220998"}],"curies":[{"name":"wp","href":"https:\/\/api.w.org\/{rel}","templated":true}]}}