{"id":220969,"date":"2024-12-04T15:05:43","date_gmt":"2024-12-04T14:05:43","guid":{"rendered":"https:\/\/www.messinaoggi.it\/website\/2024\/12\/04\/m5s-conte-il-simbolo-e-del-movimento-non-e-ne-mio-ne-di-grillo\/"},"modified":"2024-12-04T15:05:43","modified_gmt":"2024-12-04T14:05:43","slug":"m5s-conte-il-simbolo-e-del-movimento-non-e-ne-mio-ne-di-grillo","status":"publish","type":"post","link":"https:\/\/www.messinaoggi.it\/website\/2024\/12\/04\/m5s-conte-il-simbolo-e-del-movimento-non-e-ne-mio-ne-di-grillo\/","title":{"rendered":"M5s, Conte \u201cIl simbolo \u00e8 del movimento, non \u00e8 n\u00e9 mio n\u00e9 di Grillo\u201d"},"content":{"rendered":"<div>ROMA (ITALPRESS) &#8211; &#8220;Rivotare \u00e8 una anomalia, ma c&#8217;\u00e8 una clausola del vecchio statuto, un privilegio del garante e Grillo lo ha voluto richiamare&#8221;. Lo ha detto il leader del M5S, Giuseppe Conte, ospite di &#8220;Mattino Cinque news&#8221; su Canale 5. <br \/>&#8220;Grillo pu\u00f2 portare via il simbolo? E&#8217; stato registrato da Di Maio, a nome del movimento, prima che arrivassi. Per i partiti politici vale l&#8217;utilizzazione consolidata di quel simbolo quindi non \u00e8 di Beppe Grillo e neppure di Conte&#8221;, ha aggiunto.<br \/>-foto Agenzia Fotogramma-<br \/>(ITALPRESS).<\/div>\n<div id=\"div-gpt-ad-Messinaoggi.it-DSK-300x250-corpoart\" style=\"text-align:center;margin:0 auto;\"><\/div><\/p><div id=\"videoincontent\" style=\"clear:both\";><\/div>","protected":false},"excerpt":{"rendered":"<p>ROMA (ITALPRESS) &#8211; &#8220;Rivotare \u00e8 una anomalia, ma c&#8217;\u00e8 una clausola del vecchio statuto, un privilegio del garante e Grillo lo ha voluto richiamare&#8221;. Lo ha detto il leader del M5S, Giuseppe Conte, ospite di &#8220;Mattino Cinque news&#8221; su Canale 5. &#8220;Grillo pu\u00f2 portare via il simbolo? E&#8217; stato registrato da Di Maio, a nome [&hellip;]<\/p>\n","protected":false},"author":18,"featured_media":220970,"comment_status":"closed","ping_status":"closed","sticky":false,"template":"","format":"standard","meta":{"ub_ctt_via":"","_mi_skip_tracking":false},"categories":[446],"tags":[783],"featured_image_src":"https:\/\/www.messinaoggi.it\/website\/wp-content\/uploads\/2024\/12\/20241204_0405.jpg","author_info":{"display_name":"Admin","author_link":"https:\/\/www.messinaoggi.it\/website\/author\/admin\/"},"digistream_id":0,"digistream":false,"_links":{"self":[{"href":"https:\/\/www.messinaoggi.it\/website\/wp-json\/wp\/v2\/posts\/220969"}],"collection":[{"href":"https:\/\/www.messinaoggi.it\/website\/wp-json\/wp\/v2\/posts"}],"about":[{"href":"https:\/\/www.messinaoggi.it\/website\/wp-json\/wp\/v2\/types\/post"}],"author":[{"embeddable":true,"href":"https:\/\/www.messinaoggi.it\/website\/wp-json\/wp\/v2\/users\/18"}],"replies":[{"embeddable":true,"href":"https:\/\/www.messinaoggi.it\/website\/wp-json\/wp\/v2\/comments?post=220969"}],"version-history":[{"count":0,"href":"https:\/\/www.messinaoggi.it\/website\/wp-json\/wp\/v2\/posts\/220969\/revisions"}],"wp:featuredmedia":[{"embeddable":true,"href":"https:\/\/www.messinaoggi.it\/website\/wp-json\/wp\/v2\/media\/220970"}],"wp:attachment":[{"href":"https:\/\/www.messinaoggi.it\/website\/wp-json\/wp\/v2\/media?parent=220969"}],"wp:term":[{"taxonomy":"category","embeddable":true,"href":"https:\/\/www.messinaoggi.it\/website\/wp-json\/wp\/v2\/categories?post=220969"},{"taxonomy":"post_tag","embeddable":true,"href":"https:\/\/www.messinaoggi.it\/website\/wp-json\/wp\/v2\/tags?post=220969"}],"curies":[{"name":"wp","href":"https:\/\/api.w.org\/{rel}","templated":true}]}}