{"id":220900,"date":"2024-12-04T00:05:41","date_gmt":"2024-12-03T23:05:41","guid":{"rendered":"https:\/\/www.messinaoggi.it\/website\/2024\/12\/03\/conte-grillo-disinformato-da-lunedi-si-volta-pagina\/"},"modified":"2024-12-04T09:10:52","modified_gmt":"2024-12-04T08:10:52","slug":"conte-grillo-disinformato-da-lunedi-si-volta-pagina","status":"publish","type":"post","link":"https:\/\/www.messinaoggi.it\/website\/2024\/12\/04\/conte-grillo-disinformato-da-lunedi-si-volta-pagina\/","title":{"rendered":"Conte \u201cGrillo disinformato, da luned\u00ec si volta pagina\u201d"},"content":{"rendered":"<div>ROMA (ITALPRESS) &#8211; &#8220;La comunit\u00e0 del Movimento 5 stelle \u00e8 abituata agli attacchi esterni, sappiamo di combattere battaglie scomode che danno fastidio: penso al no all&#8217;Europa delle armi o al raddoppio dei finanziamenti pubblici ai partiti, penso alla battaglia sul salario minimo o contro l&#8217;autonomia differenziata. Dispiace che chi dovrebbe essere al nostro fianco e conoscerci meglio si \u00e8 invece messo da tempo ai margini della nostra comunit\u00e0 e si dimostra disinformato&#8221;. Cos\u00ec su Instagram il leader del Movimento 5 stelle Giuseppe Conte. &#8220;Molte delle proposte menzionate si sono tradotte in proposte di legge gi\u00e0 depositate in parlamento &#8211; continua Conte, &#8211; Questa \u00e8 una comunit\u00e0 orgogliosa, che non si lascia calpestare da nessuno: da gioved\u00ec a domenica torneremo a votare, ci sono nuove battaglie da portare avanti e nuovi obiettivi strategici da realizzare tutti insieme. Da luned\u00ec si volta pagina&#8221;.<div id=\"div-gpt-ad-Messinaoggi.it-DSK-300x250-corpoart\" style=\"text-align:center;margin:0 auto;\"><\/div><\/p>\n<p>foto: Agenzia Fotogramma<div id=\"videoincontent\" style=\"clear:both\";><\/div><\/p>\n<p>(ITALPRESS).<\/p><\/div>\n","protected":false},"excerpt":{"rendered":"<p>ROMA (ITALPRESS) &#8211; &#8220;La comunit\u00e0 del Movimento 5 stelle \u00e8 abituata agli attacchi esterni, sappiamo di combattere battaglie scomode che danno fastidio: penso al no all&#8217;Europa delle armi o al raddoppio dei finanziamenti pubblici ai partiti, penso alla battaglia sul salario minimo o contro l&#8217;autonomia differenziata. Dispiace che chi dovrebbe essere al nostro fianco e [&hellip;]<\/p>\n","protected":false},"author":18,"featured_media":220901,"comment_status":"closed","ping_status":"closed","sticky":false,"template":"","format":"standard","meta":{"ub_ctt_via":"","_mi_skip_tracking":false},"categories":[446,4],"tags":[783],"featured_image_src":"https:\/\/www.messinaoggi.it\/website\/wp-content\/uploads\/2024\/12\/20241203_2368.jpg","author_info":{"display_name":"Admin","author_link":"https:\/\/www.messinaoggi.it\/website\/author\/admin\/"},"digistream_id":0,"digistream":false,"_links":{"self":[{"href":"https:\/\/www.messinaoggi.it\/website\/wp-json\/wp\/v2\/posts\/220900"}],"collection":[{"href":"https:\/\/www.messinaoggi.it\/website\/wp-json\/wp\/v2\/posts"}],"about":[{"href":"https:\/\/www.messinaoggi.it\/website\/wp-json\/wp\/v2\/types\/post"}],"author":[{"embeddable":true,"href":"https:\/\/www.messinaoggi.it\/website\/wp-json\/wp\/v2\/users\/18"}],"replies":[{"embeddable":true,"href":"https:\/\/www.messinaoggi.it\/website\/wp-json\/wp\/v2\/comments?post=220900"}],"version-history":[{"count":1,"href":"https:\/\/www.messinaoggi.it\/website\/wp-json\/wp\/v2\/posts\/220900\/revisions"}],"predecessor-version":[{"id":220911,"href":"https:\/\/www.messinaoggi.it\/website\/wp-json\/wp\/v2\/posts\/220900\/revisions\/220911"}],"wp:featuredmedia":[{"embeddable":true,"href":"https:\/\/www.messinaoggi.it\/website\/wp-json\/wp\/v2\/media\/220901"}],"wp:attachment":[{"href":"https:\/\/www.messinaoggi.it\/website\/wp-json\/wp\/v2\/media?parent=220900"}],"wp:term":[{"taxonomy":"category","embeddable":true,"href":"https:\/\/www.messinaoggi.it\/website\/wp-json\/wp\/v2\/categories?post=220900"},{"taxonomy":"post_tag","embeddable":true,"href":"https:\/\/www.messinaoggi.it\/website\/wp-json\/wp\/v2\/tags?post=220900"}],"curies":[{"name":"wp","href":"https:\/\/api.w.org\/{rel}","templated":true}]}}