{"id":220839,"date":"2024-12-03T16:05:42","date_gmt":"2024-12-03T15:05:42","guid":{"rendered":"https:\/\/www.messinaoggi.it\/website\/2024\/12\/03\/meloni-norme-ue-rischiano-di-mettere-automotive-in-ginocchio\/"},"modified":"2024-12-03T16:05:42","modified_gmt":"2024-12-03T15:05:42","slug":"meloni-norme-ue-rischiano-di-mettere-automotive-in-ginocchio","status":"publish","type":"post","link":"https:\/\/www.messinaoggi.it\/website\/2024\/12\/03\/meloni-norme-ue-rischiano-di-mettere-automotive-in-ginocchio\/","title":{"rendered":"Meloni \u201cNorme Ue rischiano di mettere automotive in ginocchio\u201d"},"content":{"rendered":"<div>ROMA (ITALPRESS) &#8211; &#8220;Il governo italiano lavorer\u00e0 per fare in modo che la transizione ecologica torni a camminare di pari passo con la sostenibilit\u00e0 economica e sociale, semplicemente perch\u00e8 non possiamo inseguire la decarbonizzazione al prezzo della desertificazione economica. Banalmente, in un deserto non c&#8217;\u00e8 niente di verde&#8221;. Lo ha detto il presidente del Consiglio Giorgia Meloni in un videomessaggio all&#8217;Assemblea generale di Alis.<br \/>&#8220;Alcune scelte europee degli ultimi anni hanno pagato un prezzo troppo alto all&#8217;ideologia e hanno di fatto chiuso la porta alle ragioni di chi fa impresa &#8211; ha spiegato Meloni -. Dobbiamo garantire un quadro regolatorio certo evitando per\u00f2 rigidit\u00e0 eccessive che danneggiano hi fa impresa e crea occupazione. L&#8217;Italia \u00e8 capofila in Europa di un non paper sull&#8217;automotive che chiede di rivedere quelle norme che rischiano di mettere in ginocchio l&#8217;industria europea dell&#8217;auto, e di riaffermare il principio della neutralit\u00e0 tecnologica. Noi siamo convinti che vadano usate e sostenute tutte le tecnologie che contribuiscono ad abbattere le emissioni, senza chiusure ideologiche e dannose per molte filiere&#8221;.<div id=\"div-gpt-ad-Messinaoggi.it-DSK-300x250-corpoart\" style=\"text-align:center;margin:0 auto;\"><\/div><\/p>\n<p>&#8211; Foto Agenzia Fotogramma &#8211;<div id=\"videoincontent\" style=\"clear:both\";><\/div><\/p>\n<p>(ITALPRESS).<\/p><\/div>\n","protected":false},"excerpt":{"rendered":"<p>ROMA (ITALPRESS) &#8211; &#8220;Il governo italiano lavorer\u00e0 per fare in modo che la transizione ecologica torni a camminare di pari passo con la sostenibilit\u00e0 economica e sociale, semplicemente perch\u00e8 non possiamo inseguire la decarbonizzazione al prezzo della desertificazione economica. Banalmente, in un deserto non c&#8217;\u00e8 niente di verde&#8221;. Lo ha detto il presidente del Consiglio [&hellip;]<\/p>\n","protected":false},"author":18,"featured_media":220840,"comment_status":"closed","ping_status":"closed","sticky":false,"template":"","format":"standard","meta":{"ub_ctt_via":"","_mi_skip_tracking":false},"categories":[446],"tags":[783],"featured_image_src":"https:\/\/www.messinaoggi.it\/website\/wp-content\/uploads\/2024\/12\/20241203_1055.jpg","author_info":{"display_name":"Admin","author_link":"https:\/\/www.messinaoggi.it\/website\/author\/admin\/"},"digistream_id":0,"digistream":false,"_links":{"self":[{"href":"https:\/\/www.messinaoggi.it\/website\/wp-json\/wp\/v2\/posts\/220839"}],"collection":[{"href":"https:\/\/www.messinaoggi.it\/website\/wp-json\/wp\/v2\/posts"}],"about":[{"href":"https:\/\/www.messinaoggi.it\/website\/wp-json\/wp\/v2\/types\/post"}],"author":[{"embeddable":true,"href":"https:\/\/www.messinaoggi.it\/website\/wp-json\/wp\/v2\/users\/18"}],"replies":[{"embeddable":true,"href":"https:\/\/www.messinaoggi.it\/website\/wp-json\/wp\/v2\/comments?post=220839"}],"version-history":[{"count":0,"href":"https:\/\/www.messinaoggi.it\/website\/wp-json\/wp\/v2\/posts\/220839\/revisions"}],"wp:featuredmedia":[{"embeddable":true,"href":"https:\/\/www.messinaoggi.it\/website\/wp-json\/wp\/v2\/media\/220840"}],"wp:attachment":[{"href":"https:\/\/www.messinaoggi.it\/website\/wp-json\/wp\/v2\/media?parent=220839"}],"wp:term":[{"taxonomy":"category","embeddable":true,"href":"https:\/\/www.messinaoggi.it\/website\/wp-json\/wp\/v2\/categories?post=220839"},{"taxonomy":"post_tag","embeddable":true,"href":"https:\/\/www.messinaoggi.it\/website\/wp-json\/wp\/v2\/tags?post=220839"}],"curies":[{"name":"wp","href":"https:\/\/api.w.org\/{rel}","templated":true}]}}