{"id":220543,"date":"2024-12-01T19:05:42","date_gmt":"2024-12-01T18:05:42","guid":{"rendered":"https:\/\/www.messinaoggi.it\/website\/2024\/12\/01\/juri-morico-riconfermato-presidente-nazionale-di-opes\/"},"modified":"2024-12-01T19:05:42","modified_gmt":"2024-12-01T18:05:42","slug":"juri-morico-riconfermato-presidente-nazionale-di-opes","status":"publish","type":"post","link":"https:\/\/www.messinaoggi.it\/website\/2024\/12\/01\/juri-morico-riconfermato-presidente-nazionale-di-opes\/","title":{"rendered":"Juri Morico riconfermato presidente nazionale di OPES"},"content":{"rendered":"<div>ROMA (ITALPRESS) &#8211; Al Salone d&#8217;Onore del CONI, Juri Morico \u00e8 stato riconfermato presidente nazionale di OPES, &#8220;un passaggio che determina la volont\u00e0 di proseguire e consolidare il percorso intrapreso fino ad oggi&#8221;. La rielezione, spiega una nota, \u00e8 avvenuta alla presenza del numero uno del CONI, Giovanni Malag\u00f2, dei Ministri Andrea Abodi e Francesco Lollobrigida, del Viceministro Maria Teresa Bellucci e della Capo segreteria politica di Fratelli d&#8217;Italia, Arianna Meloni. &#8220;Personalit\u00e0 che &#8211; continua la nota &#8211; hanno inteso ribadire il proprio supporto e vicinanza al Presidente Morico e a tutta la squadra di OPES per l&#8217;impegno &#8211; passato e futuro &#8211; profuso relativamente a sport, terzo settore, servizio civile universale e formazione&#8221;. <br \/>A seguito dell&#8217;Assemblea si \u00e8 tenuto il primo Consiglio di questo nuovo corso in cui sono stati eletti i Vicepresidenti e i membri di giunta.<br \/>&#8220;Da quando ho assunto la carica di Presidente Nazionale, sono cambiate alcune cose &#8211; ha detto Morico -. L&#8217;attivit\u00e0 sportiva \u00e8 stata uficialmente riconosciuta dalla nostra Costituzione, con le modifiche all&#8217;articolo 33; un passaggio che ci induce a perseguire, con ulteriore passione ed entusiasmo, l&#8217;obiettivo di costruire una cultura dello sport solida e consapevole. Sono andate maturando le riforme dello sport e del terzo settore; materie in cui siamo coinvolti direttamente e indirettamente.<br \/>Abbiamo il compito e il dovere di assolvere a tutte le disposizioni, essere parte attiva e quindi partecipare ai tavoli di discussione riconoscendone l&#8217;assoluta autorevolezza e virt\u00f9 nel poter avviare importanti cambiamenti; ma, osservando missione e visione dell&#8217;Ente, abbiamo anche l&#8217;onere di formare e informare tutte le associazioni e le realt\u00e0 che ruotano nel nostro universo &#8211; oltre 800 mila. Ci siamo risollevati dopo la pandemia cercando di renderci protagonisti della ripresa, creando connessioni, ampliando il nostro raggio di azione e attivando reti con partner, portatori di interesse, e associazioni&#8221;.<br \/>&#8220;Ripartiamo dagli obiettivi raggiunti, come parlare di sport al Parlamento Europeo, o afrontare il tema del bullismo e del cyberbullismo alla Mostra del Cinema di Venezia, affermando cos\u00ec la visione che la rete di collaborazioni funziona, che il lavoro svolto insieme funziona &#8211; ha aggiunto -. Siamo cresciuti: i nostri comitati, i nostri settori lo hanno fatto. Questo perch\u00e8 credo fermamente che tutte le persone del mondo OPES siano risorse in grado davvero di generare valore. Ed \u00e8 su questo valore, sulle basi che abbiamo gettato che costruiremo per i prossimi quattro anni&#8221;.<br \/>Di seguito l&#8217;elenco delle personalit\u00e0 intervenute durante i lavori assembleari: Marco Mezzaroma, Presidente Sport e Salute S.p.A, Claudio Barbaro, Sottosegretario di Stato del Ministero dell&#8217;Ambiente e della Sicurezza energetica, Michele Sciscioli, Capo del Dipartimento per le Politiche giovanili ed il Servizio Civile Universale &#8211; Presidenza del Consiglio dei Ministri, Flavio Siniscalchi, Capo Dipartimento per lo Sport &#8211; Presidenza del Consiglio dei Ministri, Riccardo Viola, Presidente Comitato Regionale CONI Lazio, e Paolo Giuntarelli, Direttore regionale &#8211; Direzione regionale affari della Presidenza, Turismo, Cinema, Audiovisivo e Sport, Federica Celestini Campanari, Commissario straordinario Agenzia Italiana per la Giovent\u00f9, Paolo Serapiglia, Presidente Endas, e Fabio Fortuna, Magnifico Rettore Unicusano.<div id=\"div-gpt-ad-Messinaoggi.it-DSK-300x250-corpoart\" style=\"text-align:center;margin:0 auto;\"><\/div><\/p>\n<p>&#8211; foto ufficio stampa OPES &#8211;<br \/>(ITALPRESS).<\/div>\n<div id=\"videoincontent\" style=\"clear:both\";><\/div>","protected":false},"excerpt":{"rendered":"<p>ROMA (ITALPRESS) &#8211; Al Salone d&#8217;Onore del CONI, Juri Morico \u00e8 stato riconfermato presidente nazionale di OPES, &#8220;un passaggio che determina la volont\u00e0 di proseguire e consolidare il percorso intrapreso fino ad oggi&#8221;. La rielezione, spiega una nota, \u00e8 avvenuta alla presenza del numero uno del CONI, Giovanni Malag\u00f2, dei Ministri Andrea Abodi e Francesco [&hellip;]<\/p>\n","protected":false},"author":18,"featured_media":220544,"comment_status":"closed","ping_status":"closed","sticky":false,"template":"","format":"standard","meta":{"ub_ctt_via":"","_mi_skip_tracking":false},"categories":[446],"tags":[783],"featured_image_src":"https:\/\/www.messinaoggi.it\/website\/wp-content\/uploads\/2024\/12\/20241201_0631.jpg","author_info":{"display_name":"Admin","author_link":"https:\/\/www.messinaoggi.it\/website\/author\/admin\/"},"digistream_id":0,"digistream":false,"_links":{"self":[{"href":"https:\/\/www.messinaoggi.it\/website\/wp-json\/wp\/v2\/posts\/220543"}],"collection":[{"href":"https:\/\/www.messinaoggi.it\/website\/wp-json\/wp\/v2\/posts"}],"about":[{"href":"https:\/\/www.messinaoggi.it\/website\/wp-json\/wp\/v2\/types\/post"}],"author":[{"embeddable":true,"href":"https:\/\/www.messinaoggi.it\/website\/wp-json\/wp\/v2\/users\/18"}],"replies":[{"embeddable":true,"href":"https:\/\/www.messinaoggi.it\/website\/wp-json\/wp\/v2\/comments?post=220543"}],"version-history":[{"count":0,"href":"https:\/\/www.messinaoggi.it\/website\/wp-json\/wp\/v2\/posts\/220543\/revisions"}],"wp:featuredmedia":[{"embeddable":true,"href":"https:\/\/www.messinaoggi.it\/website\/wp-json\/wp\/v2\/media\/220544"}],"wp:attachment":[{"href":"https:\/\/www.messinaoggi.it\/website\/wp-json\/wp\/v2\/media?parent=220543"}],"wp:term":[{"taxonomy":"category","embeddable":true,"href":"https:\/\/www.messinaoggi.it\/website\/wp-json\/wp\/v2\/categories?post=220543"},{"taxonomy":"post_tag","embeddable":true,"href":"https:\/\/www.messinaoggi.it\/website\/wp-json\/wp\/v2\/tags?post=220543"}],"curies":[{"name":"wp","href":"https:\/\/api.w.org\/{rel}","templated":true}]}}