{"id":220535,"date":"2024-12-01T17:05:48","date_gmt":"2024-12-01T16:05:48","guid":{"rendered":"https:\/\/www.messinaoggi.it\/website\/2024\/12\/01\/papa-francesco-la-ricerca-della-pace-e-una-responsabilita-di-tutti\/"},"modified":"2024-12-01T17:05:48","modified_gmt":"2024-12-01T16:05:48","slug":"papa-francesco-la-ricerca-della-pace-e-una-responsabilita-di-tutti","status":"publish","type":"post","link":"https:\/\/www.messinaoggi.it\/website\/2024\/12\/01\/papa-francesco-la-ricerca-della-pace-e-una-responsabilita-di-tutti\/","title":{"rendered":"Papa Francesco \u201cLa ricerca della pace \u00e8 una responsabilit\u00e0 di tutti\u201d"},"content":{"rendered":"<div>ROMA (ITALPRESS) &#8211; &#8220;Nei giorni scorsi \u00e8 stato commemorato il 40esimo anniversario del Trattato di Pace e di Amicizia tra Argentina e Cile. Con la mediazione della Santa Sede, esso pose fine a una disputa territoriale che aveva portato l&#8217;Argentina e il Cile sull&#8217;orlo della guerra. Questo dimostra che, quando si rinuncia all&#8217;uso delle armi e si fa il dialogo, si fa un buon cammino&#8221;. Lo ha sottolineato, dopo l&#8217;Angelus, in piazza San Pietro, a Roma, papa Francesco, che ha aggiunto: &#8220;Mi rallegro per il cessate il fuoco che \u00e8 stato raggiunto nei giorni scorsi in Libano e auspico che esso possa essere rispettato da tutte le parti, permettendo cos\u00ec alla popolazione delle regioni interessate dal conflitto &#8211; sia libanese sia israeliana &#8211; di tornare presto e in sicurezza a casa, anche con l&#8217;aiuto prezioso dell&#8217;esercito libanese e delle forze di pace delle Nazioni Unite&#8221;. &#8220;In questa situazione &#8211; ha proseguito il Santo Padre -, rivolgo un pressante invito a tutti i politici libanesi, affinch\u00e8 venga eletto subito il Presidente della Repubblica e le istituzioni ritrovino il loro normale funzionamento, per procedere alle necessarie riforme e assicurare al Paese il suo ruolo di esempio di convivenza pacifica tra le differenti religioni. E&#8217; mia speranza che lo spiraglio di pace che si \u00e8 aperto possa portare al cessate il fuoco su tutti gli altri fronti, soprattutto a Gaza. Ho molto a cuore la liberazione degli israeliani che ancora sono tenuti in ostaggio e l&#8217;accesso degli aiuti umanitari alla popolazione palestinese stremata. E preghiamo per la Siria, dove purtroppo la guerra si \u00e8 riaccesa causando molte vittime. Sono molto vicino alla Chiesa in Siria&#8221;.<br \/>&#8220;Esprimo la mia preoccupazione, il mio dolore, per il conflitto che continua a insanguinare la martoriata Ucraina &#8211; ha poi aggiunto -. Assistiamo da quasi due anni a una tremenda sequenza di morti, di feriti, di violenze, di distruzioni. I bambini, le donne, gli anziani, le persone deboli, ne sono le prime vittime. La guerra \u00e8 un orrore, la guerra offende Dio e l&#8217;umanit\u00e0, la guerra non risparmia nessuno, la guerra \u00e8 sempre una sconfitta, una sconfitta per l&#8217;umanit\u00e0 intera! Pensiamo che l&#8217;inverno \u00e8 alle porte, e rischia di esacerbare le condizioni di milioni di sfollati. Saranno mesi difficilissimi per loro. La concomitanza di guerra e freddo \u00e8 tragica. Rivolgo ancora una volta il mio appello alla comunit\u00e0 internazionale e ad ogni uomo e donna di buona volont\u00e0, affinch\u00e8 si adoperino in ogni modo per fermare questa guerra e per far prevalere dialogo, fraternit\u00e0, riconciliazione. Si moltiplichi, ad ogni livello, un rinnovato impegno. E mentre ci prepariamo al Natale, mentre attendiamo la nascita del Re della pace, si dia a queste popolazioni una speranza concreta. La ricerca della pace \u00e8 una responsabilit\u00e0 non di pochi, ma di tutti. Se prevalgono l&#8217;assuefazione e l&#8217;indifferenza agli orrori della guerra, tutta, tutta la famiglia umana \u00e8 sconfitta. Tutta la famiglia umana \u00e8 sconfitta! Cari fratelli e sorelle, non stanchiamoci di pregare per quella popolazione cos\u00ec duramente provata e di implorare da Dio il dono della pace&#8221;, ha concluso, rivolgendo un saluto &#8220;ai fedeli di Roma e pellegrini venuti dall&#8217;Italia e da vari Paesi. In particolare, saluto i gruppi provenienti da Barcellona, Murcia e Valencia &#8211; pensiamo a Valencia, come sta soffrendo! -, e da Gerovo in Croazia. Saluto i fedeli di Arco di Trento e quelli di Sciacca, e il gruppo romano della Giovent\u00f9 Ardente Mariana. E saluto i ragazzi dell&#8217;Immacolata&#8221;.<br \/>&#8211; foto Agenzia Fotogramma &#8211;<br \/>(ITALPRESS).<\/div>\n<div id=\"div-gpt-ad-Messinaoggi.it-DSK-300x250-corpoart\" style=\"text-align:center;margin:0 auto;\"><\/div><\/p><div id=\"videoincontent\" style=\"clear:both\";><\/div>","protected":false},"excerpt":{"rendered":"<p>ROMA (ITALPRESS) &#8211; &#8220;Nei giorni scorsi \u00e8 stato commemorato il 40esimo anniversario del Trattato di Pace e di Amicizia tra Argentina e Cile. Con la mediazione della Santa Sede, esso pose fine a una disputa territoriale che aveva portato l&#8217;Argentina e il Cile sull&#8217;orlo della guerra. Questo dimostra che, quando si rinuncia all&#8217;uso delle armi [&hellip;]<\/p>\n","protected":false},"author":18,"featured_media":220536,"comment_status":"closed","ping_status":"closed","sticky":false,"template":"","format":"standard","meta":{"ub_ctt_via":"","_mi_skip_tracking":false},"categories":[446],"tags":[783],"featured_image_src":"https:\/\/www.messinaoggi.it\/website\/wp-content\/uploads\/2024\/12\/20241201_0333.jpg","author_info":{"display_name":"Admin","author_link":"https:\/\/www.messinaoggi.it\/website\/author\/admin\/"},"digistream_id":0,"digistream":false,"_links":{"self":[{"href":"https:\/\/www.messinaoggi.it\/website\/wp-json\/wp\/v2\/posts\/220535"}],"collection":[{"href":"https:\/\/www.messinaoggi.it\/website\/wp-json\/wp\/v2\/posts"}],"about":[{"href":"https:\/\/www.messinaoggi.it\/website\/wp-json\/wp\/v2\/types\/post"}],"author":[{"embeddable":true,"href":"https:\/\/www.messinaoggi.it\/website\/wp-json\/wp\/v2\/users\/18"}],"replies":[{"embeddable":true,"href":"https:\/\/www.messinaoggi.it\/website\/wp-json\/wp\/v2\/comments?post=220535"}],"version-history":[{"count":0,"href":"https:\/\/www.messinaoggi.it\/website\/wp-json\/wp\/v2\/posts\/220535\/revisions"}],"wp:featuredmedia":[{"embeddable":true,"href":"https:\/\/www.messinaoggi.it\/website\/wp-json\/wp\/v2\/media\/220536"}],"wp:attachment":[{"href":"https:\/\/www.messinaoggi.it\/website\/wp-json\/wp\/v2\/media?parent=220535"}],"wp:term":[{"taxonomy":"category","embeddable":true,"href":"https:\/\/www.messinaoggi.it\/website\/wp-json\/wp\/v2\/categories?post=220535"},{"taxonomy":"post_tag","embeddable":true,"href":"https:\/\/www.messinaoggi.it\/website\/wp-json\/wp\/v2\/tags?post=220535"}],"curies":[{"name":"wp","href":"https:\/\/api.w.org\/{rel}","templated":true}]}}