{"id":220531,"date":"2024-12-02T00:05:45","date_gmt":"2024-12-01T23:05:45","guid":{"rendered":"https:\/\/www.messinaoggi.it\/website\/2024\/12\/01\/schlein-ce-voglia-di-unita-serve-un-progetto-coerente\/"},"modified":"2024-12-02T09:26:53","modified_gmt":"2024-12-02T08:26:53","slug":"schlein-ce-voglia-di-unita-serve-un-progetto-coerente","status":"publish","type":"post","link":"https:\/\/www.messinaoggi.it\/website\/2024\/12\/02\/schlein-ce-voglia-di-unita-serve-un-progetto-coerente\/","title":{"rendered":"Schlein \u201cC\u2019\u00e8 voglia di unit\u00e0, serve un progetto coerente\u201d"},"content":{"rendered":"<div>ROMA (ITALPRESS) &#8211; &#8220;Ringrazio Alleanza Verdi e Sinistra per il rapporto leale che abbiamo costruito in questi mesi di lavoro. Un rapporto che vogliamo sempre pi\u00f9 stretto, che ci ha portato a vincere in Emilia Romagna e in Umbria. Vi ringrazio anche per questo afflato unitario, che ci ha permesso di crescere&#8221;. Lo ha dichiarato la segretaria del Pd Elly Schlein nel suo intervento all&#8217;assemblea nazionale di Europa Verde. <br \/>&#8220;La sentiamo questa voglia di unit\u00e0 nelle piazze &#8211; ha aggiunto -. L&#8217;unit\u00e0 non \u00e8 un valore a tutti i costi, ma lo \u00e8 se riesce a raccogliersi attorno a un progetto coerente, a un programma definito e a valori condivisi&#8221;.<br \/>&#8220;Non abbiamo scadenze elettorali &#8211; ha sottolineato -, dobbiamo usare bene il tempo e dobbiamo usarlo insieme. Mobilitiamoci insieme. Noi ci siamo e ci saremo per tenere sempre pi\u00f9 stretto il filo che ci tiene tra di noi. Serve un luogo dove comporre le differenze e costruire l&#8217;alternativa&#8221;. &#8220;Il Paese &#8211; ha aggiunto &#8211; ci chiedo uno spirito unitario. La nostra disponibilit\u00e0 c&#8217;\u00e8. Una sintesi per combattere le destra la troviamo&#8221;.<br \/>&#8211; foto Ipa &#8211;<br \/>(ITALPRESS).<\/div>\n<div id=\"div-gpt-ad-Messinaoggi.it-DSK-300x250-corpoart\" style=\"text-align:center;margin:0 auto;\"><\/div><\/p><div id=\"videoincontent\" style=\"clear:both\";><\/div>","protected":false},"excerpt":{"rendered":"<p>ROMA (ITALPRESS) &#8211; &#8220;Ringrazio Alleanza Verdi e Sinistra per il rapporto leale che abbiamo costruito in questi mesi di lavoro. Un rapporto che vogliamo sempre pi\u00f9 stretto, che ci ha portato a vincere in Emilia Romagna e in Umbria. Vi ringrazio anche per questo afflato unitario, che ci ha permesso di crescere&#8221;. Lo ha dichiarato [&hellip;]<\/p>\n","protected":false},"author":18,"featured_media":220532,"comment_status":"closed","ping_status":"closed","sticky":false,"template":"","format":"standard","meta":{"ub_ctt_via":"","_mi_skip_tracking":false},"categories":[446,4],"tags":[783],"featured_image_src":"https:\/\/www.messinaoggi.it\/website\/wp-content\/uploads\/2024\/12\/20241201_0296.jpg","author_info":{"display_name":"Admin","author_link":"https:\/\/www.messinaoggi.it\/website\/author\/admin\/"},"digistream_id":0,"digistream":false,"_links":{"self":[{"href":"https:\/\/www.messinaoggi.it\/website\/wp-json\/wp\/v2\/posts\/220531"}],"collection":[{"href":"https:\/\/www.messinaoggi.it\/website\/wp-json\/wp\/v2\/posts"}],"about":[{"href":"https:\/\/www.messinaoggi.it\/website\/wp-json\/wp\/v2\/types\/post"}],"author":[{"embeddable":true,"href":"https:\/\/www.messinaoggi.it\/website\/wp-json\/wp\/v2\/users\/18"}],"replies":[{"embeddable":true,"href":"https:\/\/www.messinaoggi.it\/website\/wp-json\/wp\/v2\/comments?post=220531"}],"version-history":[{"count":1,"href":"https:\/\/www.messinaoggi.it\/website\/wp-json\/wp\/v2\/posts\/220531\/revisions"}],"predecessor-version":[{"id":220564,"href":"https:\/\/www.messinaoggi.it\/website\/wp-json\/wp\/v2\/posts\/220531\/revisions\/220564"}],"wp:featuredmedia":[{"embeddable":true,"href":"https:\/\/www.messinaoggi.it\/website\/wp-json\/wp\/v2\/media\/220532"}],"wp:attachment":[{"href":"https:\/\/www.messinaoggi.it\/website\/wp-json\/wp\/v2\/media?parent=220531"}],"wp:term":[{"taxonomy":"category","embeddable":true,"href":"https:\/\/www.messinaoggi.it\/website\/wp-json\/wp\/v2\/categories?post=220531"},{"taxonomy":"post_tag","embeddable":true,"href":"https:\/\/www.messinaoggi.it\/website\/wp-json\/wp\/v2\/tags?post=220531"}],"curies":[{"name":"wp","href":"https:\/\/api.w.org\/{rel}","templated":true}]}}