{"id":220529,"date":"2024-12-01T17:05:44","date_gmt":"2024-12-01T16:05:44","guid":{"rendered":"https:\/\/www.messinaoggi.it\/website\/2024\/12\/01\/romano-per-i-moderati-si-apre-una-nuova-stagione\/"},"modified":"2024-12-01T17:05:44","modified_gmt":"2024-12-01T16:05:44","slug":"romano-per-i-moderati-si-apre-una-nuova-stagione","status":"publish","type":"post","link":"https:\/\/www.messinaoggi.it\/website\/2024\/12\/01\/romano-per-i-moderati-si-apre-una-nuova-stagione\/","title":{"rendered":"Romano \u201cPer i moderati si apre una nuova stagione\u201d"},"content":{"rendered":"<div>ROMA (ITALPRESS) &#8211; &#8220;Una grande festa per tutti quelli che, come noi, credono nella libert\u00e0, nella democrazia, nei valori popolari e liberali. Siamo moderati perch\u00e8 siamo contro i radicalismi e perch\u00e8 sosteniamo il valore del dialogo, del confronto, della partecipazione, dell&#8217;inclusione sociale. Si apre oggi una nuova stagione per il Centro e per tutte le forze politiche che si richiamano agli stessi ideali politici e sociali. Centralit\u00e0 della persona, sviluppo sostenibile, pari opportunit\u00e0 per i territori, europeismo, welfare e sanit\u00e0 da migliorare e potenziare, sostegno alle imprese, ai lavoratori e ai giovani. E&#8217; questa la nostra carta d&#8217;identit\u00e0. Veniamo da lontano e sono sicuro che andremo molto lontano&#8221;. Cos\u00ec Saverio Romano, coordinatore politico di Noi Moderati nel corso dell&#8217;assemblea nazionale del partito, a Roma.<br \/>&#8211; foto ufficio stampa Noi Moderati &#8211;<br \/>(ITALPRESS).<\/div>\n<div id=\"div-gpt-ad-Messinaoggi.it-DSK-300x250-corpoart\" style=\"text-align:center;margin:0 auto;\"><\/div><\/p><div id=\"videoincontent\" style=\"clear:both\";><\/div>","protected":false},"excerpt":{"rendered":"<p>ROMA (ITALPRESS) &#8211; &#8220;Una grande festa per tutti quelli che, come noi, credono nella libert\u00e0, nella democrazia, nei valori popolari e liberali. Siamo moderati perch\u00e8 siamo contro i radicalismi e perch\u00e8 sosteniamo il valore del dialogo, del confronto, della partecipazione, dell&#8217;inclusione sociale. Si apre oggi una nuova stagione per il Centro e per tutte le [&hellip;]<\/p>\n","protected":false},"author":18,"featured_media":220530,"comment_status":"closed","ping_status":"closed","sticky":false,"template":"","format":"standard","meta":{"ub_ctt_via":"","_mi_skip_tracking":false},"categories":[446],"tags":[783],"featured_image_src":"https:\/\/www.messinaoggi.it\/website\/wp-content\/uploads\/2024\/12\/20241201_0288.jpg","author_info":{"display_name":"Admin","author_link":"https:\/\/www.messinaoggi.it\/website\/author\/admin\/"},"digistream_id":0,"digistream":false,"_links":{"self":[{"href":"https:\/\/www.messinaoggi.it\/website\/wp-json\/wp\/v2\/posts\/220529"}],"collection":[{"href":"https:\/\/www.messinaoggi.it\/website\/wp-json\/wp\/v2\/posts"}],"about":[{"href":"https:\/\/www.messinaoggi.it\/website\/wp-json\/wp\/v2\/types\/post"}],"author":[{"embeddable":true,"href":"https:\/\/www.messinaoggi.it\/website\/wp-json\/wp\/v2\/users\/18"}],"replies":[{"embeddable":true,"href":"https:\/\/www.messinaoggi.it\/website\/wp-json\/wp\/v2\/comments?post=220529"}],"version-history":[{"count":0,"href":"https:\/\/www.messinaoggi.it\/website\/wp-json\/wp\/v2\/posts\/220529\/revisions"}],"wp:featuredmedia":[{"embeddable":true,"href":"https:\/\/www.messinaoggi.it\/website\/wp-json\/wp\/v2\/media\/220530"}],"wp:attachment":[{"href":"https:\/\/www.messinaoggi.it\/website\/wp-json\/wp\/v2\/media?parent=220529"}],"wp:term":[{"taxonomy":"category","embeddable":true,"href":"https:\/\/www.messinaoggi.it\/website\/wp-json\/wp\/v2\/categories?post=220529"},{"taxonomy":"post_tag","embeddable":true,"href":"https:\/\/www.messinaoggi.it\/website\/wp-json\/wp\/v2\/tags?post=220529"}],"curies":[{"name":"wp","href":"https:\/\/api.w.org\/{rel}","templated":true}]}}