{"id":220527,"date":"2024-12-01T17:05:42","date_gmt":"2024-12-01T16:05:42","guid":{"rendered":"https:\/\/www.messinaoggi.it\/website\/2024\/12\/01\/lupi-le-differenze-con-gli-alleati-sono-una-ricchezza\/"},"modified":"2024-12-01T17:05:42","modified_gmt":"2024-12-01T16:05:42","slug":"lupi-le-differenze-con-gli-alleati-sono-una-ricchezza","status":"publish","type":"post","link":"https:\/\/www.messinaoggi.it\/website\/2024\/12\/01\/lupi-le-differenze-con-gli-alleati-sono-una-ricchezza\/","title":{"rendered":"Lupi \u201cLe differenze con gli alleati sono una ricchezza\u201d"},"content":{"rendered":"<div>ROMA (ITALPRESS) &#8211; &#8220;Stiamo lavorando tutti insieme per cambiare l&#8217;Italia, questo \u00e8 il compito che ci \u00e8 stato affidato: lo facciamo con forza con unit\u00e0 e con coerenza, coscienti che le nostre differenze sono una ricchezza, contrariamente a quanto si pensa&#8221;. Lo ha detto il leader di Noi Moderati, Maurizio Lupi, all&#8217;assemblea nazionale del partito. &#8220;Ieri &#8211; ha aggiunto &#8211; il presidente del Partito Popolare Europeo ci ha mandato un suo contributo per sottolineare il ruolo fondamentale del Partito Popolare Europeo in Europa e ovviamente qui in Italia e ci ha annunciato l&#8217;accettazione della richiesta di Noi Moderati nel Partito Popolare Europeo come forza politica nuova, che \u00e8 nata nel 2023: questo \u00e8 stato possibile innanzitutto per l&#8217;impegno e per il riconoscimento che Antonio Tajani ha voluto, insieme a Forza Italia&#8221;.<br \/>&#8211; foto ufficio stampa Noi Moderati, da sinistra Saverio Romano e Maurizio Lupi &#8211;<br \/>(ITALPRESS).<\/div>\n<div id=\"div-gpt-ad-Messinaoggi.it-DSK-300x250-corpoart\" style=\"text-align:center;margin:0 auto;\"><\/div><\/p><div id=\"videoincontent\" style=\"clear:both\";><\/div>","protected":false},"excerpt":{"rendered":"<p>ROMA (ITALPRESS) &#8211; &#8220;Stiamo lavorando tutti insieme per cambiare l&#8217;Italia, questo \u00e8 il compito che ci \u00e8 stato affidato: lo facciamo con forza con unit\u00e0 e con coerenza, coscienti che le nostre differenze sono una ricchezza, contrariamente a quanto si pensa&#8221;. Lo ha detto il leader di Noi Moderati, Maurizio Lupi, all&#8217;assemblea nazionale del partito. [&hellip;]<\/p>\n","protected":false},"author":18,"featured_media":220528,"comment_status":"closed","ping_status":"closed","sticky":false,"template":"","format":"standard","meta":{"ub_ctt_via":"","_mi_skip_tracking":false},"categories":[446],"tags":[783],"featured_image_src":"https:\/\/www.messinaoggi.it\/website\/wp-content\/uploads\/2024\/12\/20241201_0283.jpg","author_info":{"display_name":"Admin","author_link":"https:\/\/www.messinaoggi.it\/website\/author\/admin\/"},"digistream_id":0,"digistream":false,"_links":{"self":[{"href":"https:\/\/www.messinaoggi.it\/website\/wp-json\/wp\/v2\/posts\/220527"}],"collection":[{"href":"https:\/\/www.messinaoggi.it\/website\/wp-json\/wp\/v2\/posts"}],"about":[{"href":"https:\/\/www.messinaoggi.it\/website\/wp-json\/wp\/v2\/types\/post"}],"author":[{"embeddable":true,"href":"https:\/\/www.messinaoggi.it\/website\/wp-json\/wp\/v2\/users\/18"}],"replies":[{"embeddable":true,"href":"https:\/\/www.messinaoggi.it\/website\/wp-json\/wp\/v2\/comments?post=220527"}],"version-history":[{"count":0,"href":"https:\/\/www.messinaoggi.it\/website\/wp-json\/wp\/v2\/posts\/220527\/revisions"}],"wp:featuredmedia":[{"embeddable":true,"href":"https:\/\/www.messinaoggi.it\/website\/wp-json\/wp\/v2\/media\/220528"}],"wp:attachment":[{"href":"https:\/\/www.messinaoggi.it\/website\/wp-json\/wp\/v2\/media?parent=220527"}],"wp:term":[{"taxonomy":"category","embeddable":true,"href":"https:\/\/www.messinaoggi.it\/website\/wp-json\/wp\/v2\/categories?post=220527"},{"taxonomy":"post_tag","embeddable":true,"href":"https:\/\/www.messinaoggi.it\/website\/wp-json\/wp\/v2\/tags?post=220527"}],"curies":[{"name":"wp","href":"https:\/\/api.w.org\/{rel}","templated":true}]}}