{"id":220521,"date":"2024-12-02T00:09:41","date_gmt":"2024-12-01T23:09:41","guid":{"rendered":"https:\/\/www.messinaoggi.it\/website\/2024\/12\/01\/meloni-sinistra-obsoleta-centrodestra-unito-da-stessi-valori\/"},"modified":"2024-12-02T09:27:30","modified_gmt":"2024-12-02T08:27:30","slug":"meloni-sinistra-obsoleta-centrodestra-unito-da-stessi-valori","status":"publish","type":"post","link":"https:\/\/www.messinaoggi.it\/website\/2024\/12\/02\/meloni-sinistra-obsoleta-centrodestra-unito-da-stessi-valori\/","title":{"rendered":"Meloni \u201cSinistra obsoleta, Centrodestra unito da stessi valori\u201d"},"content":{"rendered":"<div>ROMA (ITALPRESS) &#8211; &#8220;Noi Moderati \u00e8 un pezzo fondamentale della maggioranza di centrodestra, voglio davvero ringraziare tutti voi del lavoro che avete svolto fin qui e del lavoro che svolgete ogni giorno per sostenere l&#8217;azione di governo e per rispettare punto per punto gli impegni che ci siamo presi con gli italiani&#8221;. Lo ha detto la presidente del Consiglio, Giorgia Meloni, in un video messaggio inviato all&#8217;assemblea nazionale di Noi Moderati. &#8220;I cittadini ci hanno dato la loro fiducia e lo hanno fatto perch\u00e8 sanno che si possono fidare di noi, che noi vogliamo attuare il programma con il quale ci siamo presentati alle elezioni, una cosa non proprio scontata in Italia, e sanno anche che la nostra cifra \u00e8 la concretezza&#8221;, ha aggiunto.<br \/>&#8220;Un giorno s\u00ec e l&#8217;altro anche veniamo accusati dalla sinistra di essere ideologici, di portare avanti i provvedimenti lontani dal mondo e dalla realt\u00e0: a me pare esattamente il contrario, a me pare che l&#8217;ideologia, i pregiudizi e gli schemi obsoleti siano di istanza da qualche altra parte, ha sottolineato il premier, aggiungendo: &#8220;A noi invece piace approfondire le questioni, anche quelle pi\u00f9 spinose, anche quelle all&#8217;apparenza troppo difficili da affrontare, anche quelle dalle quali in passato gli altri sono scappati, valutare le opzioni possibili e tentare di scegliere quella che \u00e8 pi\u00f9 efficace o che si ritiene la pi\u00f9 efficace&#8221;.<br \/>&#8220;La nostra coalizione &#8211; ha sottolineato &#8211; \u00e8 composta da forze politiche diverse, ognuna ha la sua identit\u00e0 e la sua storia, che sono un valore aggiunto e ci\u00f2 che ci rende forti e coesi \u00e8 la volont\u00e0, la voglia di stare insieme che quello che ci consente di fare sempre sintesi di trovare un punto di incontro: possiamo farlo perch\u00e8 siamo uniti dalla stessa visione del mondo di fondo, perch\u00e8 crediamo negli stessi valori di riferimento, perch\u00e8 abbiamo idee compatibili, perch\u00e8 intendiamo portare avanti fondamentalmente gli stessi progetti e tutto questo che ci tiene insieme da 30 anni a questa parte che ci ha permesso in questi primi due anni di governo di raggiungere risultati inaspettati e  di invertire quel declino al quale l&#8217;Italia sembrava ormai destinata&#8221;.<br \/>La manovra &#8220;\u00e8 ispirata al pragmatismo, concentra le risorse a disposizione per sostenere le imprese che assumono, per creare posti di lavoro, per rafforzare il potere di acquisto delle famiglie. Abbiamo smesso di gettare i soldi dei cittadini dalla finestra pensando che cos\u00ec potevamo garantirci consenso e, nonostante i debiti da pagare che ci ha lasciato la sinistra, non abbiamo aumentato le tasse ma le abbiamo abbassate&#8221;. Lo ha detto la presidente del Consiglio, Giorgia Meloni, in un video messaggio inviato all&#8217;assemblea nazionale di Noi Moderati. &#8220;Abbiamo previsto stanziamenti record per la sanit\u00e0, abbiamo rimesso al centro dell&#8217;azione del governo l&#8217;attenzione alla famiglia e alla natalit\u00e0: lo avevamo promesso, lo abbiamo fatto&#8221;, ha sottolineato.<br \/>&#8220;C&#8217;\u00e8 ancora tanto da fare, il cammino che abbiamo davanti \u00e8 un cammino ancora a lungo: dobbiamo e possiamo insieme rendendo il centrodestra sempre pi\u00f9 forte e sempre pi\u00f9 coeso&#8221;, ha detto la presidente del Consiglio, Giorgia Meloni, in un video messaggio inviato all&#8217;assemblea nazionale di Noi Moderati, ringraziando &#8220;Maurizio Lupi per il grande lavoro che ha fatto in questi anni. Ovviamente saluto con piacere Maria Stella, Mara, Giusy e Mario che, con l&#8217;assemblea di oggi scelgono di rafforzare il centrodestra, a renderlo ancora pi\u00f9 plurale e unito nella difesa dell&#8217;interesse nazionale&#8221;.<br \/>&#8211; foto Agenzia Fotogramma &#8211;<br \/>(ITALPRESS).<\/div>\n<div id=\"div-gpt-ad-Messinaoggi.it-DSK-300x250-corpoart\" style=\"text-align:center;margin:0 auto;\"><\/div><\/p><div id=\"videoincontent\" style=\"clear:both\";><\/div>","protected":false},"excerpt":{"rendered":"<p>ROMA (ITALPRESS) &#8211; &#8220;Noi Moderati \u00e8 un pezzo fondamentale della maggioranza di centrodestra, voglio davvero ringraziare tutti voi del lavoro che avete svolto fin qui e del lavoro che svolgete ogni giorno per sostenere l&#8217;azione di governo e per rispettare punto per punto gli impegni che ci siamo presi con gli italiani&#8221;. Lo ha detto [&hellip;]<\/p>\n","protected":false},"author":18,"featured_media":220522,"comment_status":"closed","ping_status":"closed","sticky":false,"template":"","format":"standard","meta":{"ub_ctt_via":"","_mi_skip_tracking":false},"categories":[446,4],"tags":[783],"featured_image_src":"https:\/\/www.messinaoggi.it\/website\/wp-content\/uploads\/2024\/12\/20241201_0184.jpg","author_info":{"display_name":"Admin","author_link":"https:\/\/www.messinaoggi.it\/website\/author\/admin\/"},"digistream_id":0,"digistream":false,"_links":{"self":[{"href":"https:\/\/www.messinaoggi.it\/website\/wp-json\/wp\/v2\/posts\/220521"}],"collection":[{"href":"https:\/\/www.messinaoggi.it\/website\/wp-json\/wp\/v2\/posts"}],"about":[{"href":"https:\/\/www.messinaoggi.it\/website\/wp-json\/wp\/v2\/types\/post"}],"author":[{"embeddable":true,"href":"https:\/\/www.messinaoggi.it\/website\/wp-json\/wp\/v2\/users\/18"}],"replies":[{"embeddable":true,"href":"https:\/\/www.messinaoggi.it\/website\/wp-json\/wp\/v2\/comments?post=220521"}],"version-history":[{"count":1,"href":"https:\/\/www.messinaoggi.it\/website\/wp-json\/wp\/v2\/posts\/220521\/revisions"}],"predecessor-version":[{"id":220566,"href":"https:\/\/www.messinaoggi.it\/website\/wp-json\/wp\/v2\/posts\/220521\/revisions\/220566"}],"wp:featuredmedia":[{"embeddable":true,"href":"https:\/\/www.messinaoggi.it\/website\/wp-json\/wp\/v2\/media\/220522"}],"wp:attachment":[{"href":"https:\/\/www.messinaoggi.it\/website\/wp-json\/wp\/v2\/media?parent=220521"}],"wp:term":[{"taxonomy":"category","embeddable":true,"href":"https:\/\/www.messinaoggi.it\/website\/wp-json\/wp\/v2\/categories?post=220521"},{"taxonomy":"post_tag","embeddable":true,"href":"https:\/\/www.messinaoggi.it\/website\/wp-json\/wp\/v2\/tags?post=220521"}],"curies":[{"name":"wp","href":"https:\/\/api.w.org\/{rel}","templated":true}]}}