{"id":220519,"date":"2024-12-01T15:05:39","date_gmt":"2024-12-01T14:05:39","guid":{"rendered":"https:\/\/www.messinaoggi.it\/website\/2024\/12\/01\/bonelli-al-centrosinistra-manca-una-regia-comune\/"},"modified":"2024-12-01T15:05:39","modified_gmt":"2024-12-01T14:05:39","slug":"bonelli-al-centrosinistra-manca-una-regia-comune","status":"publish","type":"post","link":"https:\/\/www.messinaoggi.it\/website\/2024\/12\/01\/bonelli-al-centrosinistra-manca-una-regia-comune\/","title":{"rendered":"Bonelli \u201cAl Centrosinistra manca una regia comune\u201d"},"content":{"rendered":"<div>ROMA (ITALPRESS) &#8211; &#8220;L&#8217;opposizione? Non c&#8217;\u00e8 dubbio che non stia bene. Manca una comune regia, a cominciare dal Parlamento. Di recente abbiamo presentato, tutti insieme, un emendamento sulla sanit\u00e0 alla legge di bilancio. Bisogna farlo di pi\u00f9&#8221;. Cos\u00ec, in una intervista a la Repubblica, Angelo Bonelli, rieletto al congresso dei Verdi co-segretario insieme a Fiorella Zabatta.<br \/>In merito alle divisioni in Europa: il Pd ha votato von der Leyen, Avs e M5S no, commenta: &#8220;Non potevamo legittimare la politica dei due forni, che ha finito per sdoganare l&#8217;estrema destra&#8221;. Bonelli dice di temere &#8220;un arretramento sul clima e sui diritti. In estate avevamo guardato con favore alle proposte programmatiche, poi il Ppe ha fatto un&#8217;intesa con l&#8217;estrema destra che per noi \u00e8 irricevibile&#8221;. Ed alla domanda se Conte fa bene ad attaccare Schlein per questo voto, risponde: &#8220;Non mi permetto di giudicarlo. Fossi in Schlein proverei a chiedergli di trovare un accordo programmatico in 4-5 punti&#8221;. Secondo Bonelli &#8220;\u00e8 quello che ci chiede la gente. Io giro molto l&#8217;Italia e raccolgo le lamentele pi\u00f9 ricorrenti, stipendi bassi, pensioni da fame, trasporti pubblici inadeguati. Ci \u00e8 richiesta concretezza&#8221;.<br \/>Nel suo discorso d&#8217;insediamento, oggi a Chianciano Terme, dir\u00e0 &#8220;che serve una nuova fase dell&#8217;ecologismo. Basta con le contrapposizioni tra salute e lavoro&#8221;. &#8220;Bisogna ascoltare le ragioni dei lavoratori e quindi porci il problema della tenuta sociale &#8211; aggiunge -. Se non costruiamo un&#8217;alleanza col mondo del lavoro continuer\u00e0 a vincere la destra&#8221;. &#8220;Mi chiamavano il Torquemada di Ostia&#8221;, ricorda Bonelli, che prosegue: &#8220;Continuo a pensare che non bisogna deflettere sulla legalit\u00e0. Ma senza farsi ingabbiare. Riguardo alle nuove regole dell&#8217;automotive proverei a ragionare sulla scadenza, ma dentro un piano industriale che punti sulla transizione ecologica che non abbandoni l&#8217;elettrico&#8221;. &#8220;I tempi &#8211; sottolinea &#8211; ci richiedono capacit\u00e0 di governo&#8221;. E ribadisce che &#8220;ci sono temi, come il Ponte sullo stretto, per il quale si spendono 15 miliardi di euro, che non si possono non denunciare&#8221;. &#8220;Alle Regionali Fratelli d&#8217;Italia \u00e8 calata. Questo ci impone di organizzare una visione comune da parte dell&#8217;opposizione. Altrimenti non cogliamo il pathos del Paese&#8221;, conclude.<br \/>&#8211; foto Ipa &#8211;<br \/>(ITALPRESS).<\/div>\n<div id=\"div-gpt-ad-Messinaoggi.it-DSK-300x250-corpoart\" style=\"text-align:center;margin:0 auto;\"><\/div><\/p><div id=\"videoincontent\" style=\"clear:both\";><\/div>","protected":false},"excerpt":{"rendered":"<p>ROMA (ITALPRESS) &#8211; &#8220;L&#8217;opposizione? Non c&#8217;\u00e8 dubbio che non stia bene. Manca una comune regia, a cominciare dal Parlamento. Di recente abbiamo presentato, tutti insieme, un emendamento sulla sanit\u00e0 alla legge di bilancio. Bisogna farlo di pi\u00f9&#8221;. Cos\u00ec, in una intervista a la Repubblica, Angelo Bonelli, rieletto al congresso dei Verdi co-segretario insieme a Fiorella [&hellip;]<\/p>\n","protected":false},"author":18,"featured_media":220520,"comment_status":"closed","ping_status":"closed","sticky":false,"template":"","format":"standard","meta":{"ub_ctt_via":"","_mi_skip_tracking":false},"categories":[446],"tags":[783],"featured_image_src":"https:\/\/www.messinaoggi.it\/website\/wp-content\/uploads\/2024\/12\/20241201_0167.jpg","author_info":{"display_name":"Admin","author_link":"https:\/\/www.messinaoggi.it\/website\/author\/admin\/"},"digistream_id":0,"digistream":false,"_links":{"self":[{"href":"https:\/\/www.messinaoggi.it\/website\/wp-json\/wp\/v2\/posts\/220519"}],"collection":[{"href":"https:\/\/www.messinaoggi.it\/website\/wp-json\/wp\/v2\/posts"}],"about":[{"href":"https:\/\/www.messinaoggi.it\/website\/wp-json\/wp\/v2\/types\/post"}],"author":[{"embeddable":true,"href":"https:\/\/www.messinaoggi.it\/website\/wp-json\/wp\/v2\/users\/18"}],"replies":[{"embeddable":true,"href":"https:\/\/www.messinaoggi.it\/website\/wp-json\/wp\/v2\/comments?post=220519"}],"version-history":[{"count":0,"href":"https:\/\/www.messinaoggi.it\/website\/wp-json\/wp\/v2\/posts\/220519\/revisions"}],"wp:featuredmedia":[{"embeddable":true,"href":"https:\/\/www.messinaoggi.it\/website\/wp-json\/wp\/v2\/media\/220520"}],"wp:attachment":[{"href":"https:\/\/www.messinaoggi.it\/website\/wp-json\/wp\/v2\/media?parent=220519"}],"wp:term":[{"taxonomy":"category","embeddable":true,"href":"https:\/\/www.messinaoggi.it\/website\/wp-json\/wp\/v2\/categories?post=220519"},{"taxonomy":"post_tag","embeddable":true,"href":"https:\/\/www.messinaoggi.it\/website\/wp-json\/wp\/v2\/tags?post=220519"}],"curies":[{"name":"wp","href":"https:\/\/api.w.org\/{rel}","templated":true}]}}