{"id":220498,"date":"2024-12-01T09:38:47","date_gmt":"2024-12-01T08:38:47","guid":{"rendered":"http:\/\/www.messinaoggi.it\/website\/?p=220498"},"modified":"2024-12-01T09:38:50","modified_gmt":"2024-12-01T08:38:50","slug":"la-fauci-raccolta-rifiuti-a-singhiozzo-cosa-succede","status":"publish","type":"post","link":"https:\/\/www.messinaoggi.it\/website\/2024\/12\/01\/la-fauci-raccolta-rifiuti-a-singhiozzo-cosa-succede\/","title":{"rendered":"La Fauci: &#8220;Raccolta rifiuti a singhiozzo, cosa succede?&#8221;"},"content":{"rendered":"\n<p>\u00ab\u00c8 inaccettabile la situazione che si sta verificando in questi giorni nelle zone di San Michele, Ritiro, Scala Ritiro, Badiazza e via Palermo, dove la raccolta dei rifiuti risulta ferma da mercoled\u00ec scorso, ultimo giorno in cui \u00e8 stata effettuata. Un disservizio che, stranamente, coincide con l\u2019assenza dell\u2019operatore solitamente assegnato a queste zone.<div id=\"div-gpt-ad-Messinaoggi.it-DSK-300x250-corpoart\" style=\"text-align:center;margin:0 auto;\"><\/div><\/p>\n\n\n\n<p>Ci\u00f2 che desta particolare perplessit\u00e0 \u00e8 come, nonostante sia prevista la sostituzione del personale assente, questi quartieri vengano regolarmente trascurati. Una circostanza che si ripete con tale puntualit\u00e0 da non poter essere considerata una semplice coincidenza.<div id=\"videoincontent\" style=\"clear:both\";><\/div><\/p>\n\n\n\n<p>L\u2019aspetto pi\u00f9 preoccupante di questa vicenda \u00e8 che un servizio essenziale, regolarmente pagato dai cittadini attraverso la TARI, sembri dipendere dalla presenza o meno di uno specifico operatore. Una condizione paradossale per un\u2019azienda che dovrebbe garantire continuit\u00e0 ed efficienza del servizio in ogni area della citt\u00e0. <\/p>\n\n\n\n<p>Diversi cittadini &#8211; compreso il sottoscritto &#8211; hanno contattato la Messina Servizi per chiedere spiegazioni in merito, nonostante le rassicurazioni del caso nulla \u00e8 stato fatto.<\/p>\n\n\n\n<p>Ritengo, quindi, doveroso che l\u2019azienda fornisca spiegazioni convincenti ai residenti di queste zone sul perch\u00e9, pur in presenza di personale sostitutivo, la raccolta dei rifiuti venga sistematicamente ignorata. Un comportamento che lascia trasparire una gestione quantomeno discutibile del servizio in queste aree della citt\u00e0.<\/p>\n\n\n\n<p>I cittadini di questi quartieri non possono essere considerati di seconda categoria. \u00c8 tempo che l\u2019azienda intervenga non solo per ripristinare immediatamente il servizio, ma soprattutto per garantire che simili negligenze non abbiano pi\u00f9 a ripetersi\u00bb.<\/p>\n\n\n\n<p>Lo dichiara in una nota il vice presidente del Consiglio Comunale di Messina, Giandomenico La Fauci (Ora Sicilia).<\/p>\n","protected":false},"excerpt":{"rendered":"<p>\u00ab\u00c8 inaccettabile la situazione che si sta verificando in questi giorni nelle zone di San Michele, Ritiro, Scala Ritiro, Badiazza e via Palermo, dove la raccolta dei rifiuti risulta ferma da mercoled\u00ec scorso, ultimo giorno in cui \u00e8 stata effettuata. Un disservizio che, stranamente, coincide con l\u2019assenza dell\u2019operatore solitamente assegnato a queste zone. Ci\u00f2 che [&hellip;]<\/p>\n","protected":false},"author":2,"featured_media":23132,"comment_status":"open","ping_status":"open","sticky":false,"template":"","format":"standard","meta":{"ub_ctt_via":"","_mi_skip_tracking":false},"categories":[5],"tags":[3367,11003,683],"featured_image_src":"https:\/\/www.messinaoggi.it\/website\/wp-content\/uploads\/2018\/08\/Giandomenico-La-Fauci-1.jpg","author_info":{"display_name":"Redazione","author_link":"https:\/\/www.messinaoggi.it\/website\/author\/redazione\/"},"digistream_id":0,"digistream":false,"_links":{"self":[{"href":"https:\/\/www.messinaoggi.it\/website\/wp-json\/wp\/v2\/posts\/220498"}],"collection":[{"href":"https:\/\/www.messinaoggi.it\/website\/wp-json\/wp\/v2\/posts"}],"about":[{"href":"https:\/\/www.messinaoggi.it\/website\/wp-json\/wp\/v2\/types\/post"}],"author":[{"embeddable":true,"href":"https:\/\/www.messinaoggi.it\/website\/wp-json\/wp\/v2\/users\/2"}],"replies":[{"embeddable":true,"href":"https:\/\/www.messinaoggi.it\/website\/wp-json\/wp\/v2\/comments?post=220498"}],"version-history":[{"count":1,"href":"https:\/\/www.messinaoggi.it\/website\/wp-json\/wp\/v2\/posts\/220498\/revisions"}],"predecessor-version":[{"id":220499,"href":"https:\/\/www.messinaoggi.it\/website\/wp-json\/wp\/v2\/posts\/220498\/revisions\/220499"}],"wp:featuredmedia":[{"embeddable":true,"href":"https:\/\/www.messinaoggi.it\/website\/wp-json\/wp\/v2\/media\/23132"}],"wp:attachment":[{"href":"https:\/\/www.messinaoggi.it\/website\/wp-json\/wp\/v2\/media?parent=220498"}],"wp:term":[{"taxonomy":"category","embeddable":true,"href":"https:\/\/www.messinaoggi.it\/website\/wp-json\/wp\/v2\/categories?post=220498"},{"taxonomy":"post_tag","embeddable":true,"href":"https:\/\/www.messinaoggi.it\/website\/wp-json\/wp\/v2\/tags?post=220498"}],"curies":[{"name":"wp","href":"https:\/\/api.w.org\/{rel}","templated":true}]}}