{"id":220433,"date":"2024-11-30T02:05:39","date_gmt":"2024-11-30T01:05:39","guid":{"rendered":"https:\/\/www.messinaoggi.it\/website\/2024\/11\/30\/zelensky-tregua-possibile-con-lucraina-sotto-lombrello-della-nato\/"},"modified":"2024-11-30T02:05:39","modified_gmt":"2024-11-30T01:05:39","slug":"zelensky-tregua-possibile-con-lucraina-sotto-lombrello-della-nato","status":"publish","type":"post","link":"https:\/\/www.messinaoggi.it\/website\/2024\/11\/30\/zelensky-tregua-possibile-con-lucraina-sotto-lombrello-della-nato\/","title":{"rendered":"Zelensky \u201cTregua possibile con l\u2019Ucraina sotto l\u2019ombrello della Nato\u201d"},"content":{"rendered":"<div>ROMA (ITALPRESS) &#8211; Un accordo di cessate il fuoco potrebbe realizzarsi se l&#8217;Ucraina finisse &#8220;sotto l&#8217;ombrello della Nato&#8221;, permettendo a Kiev di negoziare i territori conquistati dalla Russia in seguito &#8220;in modo diplomatico&#8221;. Lo ha detto in un&#8217;intervista a &#8220;Sky News&#8221; il presidente ucraino Volodymyr Zelensky. &#8220;Se vogliamo fermare la fase calda della guerra, dobbiamo mettere sotto l&#8217;ombrello della Nato il territorio dell&#8217;Ucraina che abbiamo sotto il nostro controllo &#8211; ha sottolineato -. Dobbiamo farlo in fretta. E poi, l&#8217;Ucraina potr\u00e0 riprendersi i territori occupati in modo diplomatico&#8221;. Un cessate il fuoco per Zelensky \u00e8 necessario &#8220;per garantire che Putin non torner\u00e0&#8221; a prendersi altro territorio ucraino.<br \/>Parlando del ritorno di Donald Trump alla Casa Bianca, Zelensky ha assicurato di voler &#8220;lavorare con lui e non dobbiamo permettere a nessuno di distruggere la nostra comunicazione. Voglio condividere con lui le mie idee e voglio sentire la sua opinione&#8221;.<div id=\"div-gpt-ad-Messinaoggi.it-DSK-300x250-corpoart\" style=\"text-align:center;margin:0 auto;\"><\/div><\/p>\n<p>&#8211; foto: Agenzia Fotogramma &#8211;<br \/>(ITALPRESS).<\/div>\n<div id=\"videoincontent\" style=\"clear:both\";><\/div>","protected":false},"excerpt":{"rendered":"<p>ROMA (ITALPRESS) &#8211; Un accordo di cessate il fuoco potrebbe realizzarsi se l&#8217;Ucraina finisse &#8220;sotto l&#8217;ombrello della Nato&#8221;, permettendo a Kiev di negoziare i territori conquistati dalla Russia in seguito &#8220;in modo diplomatico&#8221;. Lo ha detto in un&#8217;intervista a &#8220;Sky News&#8221; il presidente ucraino Volodymyr Zelensky. &#8220;Se vogliamo fermare la fase calda della guerra, dobbiamo [&hellip;]<\/p>\n","protected":false},"author":18,"featured_media":220434,"comment_status":"closed","ping_status":"closed","sticky":false,"template":"","format":"standard","meta":{"ub_ctt_via":"","_mi_skip_tracking":false},"categories":[446],"tags":[783],"featured_image_src":"https:\/\/www.messinaoggi.it\/website\/wp-content\/uploads\/2024\/11\/20241129_2828.jpg","author_info":{"display_name":"Admin","author_link":"https:\/\/www.messinaoggi.it\/website\/author\/admin\/"},"digistream_id":0,"digistream":false,"_links":{"self":[{"href":"https:\/\/www.messinaoggi.it\/website\/wp-json\/wp\/v2\/posts\/220433"}],"collection":[{"href":"https:\/\/www.messinaoggi.it\/website\/wp-json\/wp\/v2\/posts"}],"about":[{"href":"https:\/\/www.messinaoggi.it\/website\/wp-json\/wp\/v2\/types\/post"}],"author":[{"embeddable":true,"href":"https:\/\/www.messinaoggi.it\/website\/wp-json\/wp\/v2\/users\/18"}],"replies":[{"embeddable":true,"href":"https:\/\/www.messinaoggi.it\/website\/wp-json\/wp\/v2\/comments?post=220433"}],"version-history":[{"count":0,"href":"https:\/\/www.messinaoggi.it\/website\/wp-json\/wp\/v2\/posts\/220433\/revisions"}],"wp:featuredmedia":[{"embeddable":true,"href":"https:\/\/www.messinaoggi.it\/website\/wp-json\/wp\/v2\/media\/220434"}],"wp:attachment":[{"href":"https:\/\/www.messinaoggi.it\/website\/wp-json\/wp\/v2\/media?parent=220433"}],"wp:term":[{"taxonomy":"category","embeddable":true,"href":"https:\/\/www.messinaoggi.it\/website\/wp-json\/wp\/v2\/categories?post=220433"},{"taxonomy":"post_tag","embeddable":true,"href":"https:\/\/www.messinaoggi.it\/website\/wp-json\/wp\/v2\/tags?post=220433"}],"curies":[{"name":"wp","href":"https:\/\/api.w.org\/{rel}","templated":true}]}}